{"id":21557,"date":"2017-11-09T06:00:48","date_gmt":"2017-11-09T05:00:48","guid":{"rendered":"http:\/\/www.stromberg-gymnasium.de\/?p=21557"},"modified":"2018-06-22T19:36:46","modified_gmt":"2018-06-22T17:36:46","slug":"exkursion-zum-space-talk-in-stuttgart","status":"publish","type":"post","link":"https:\/\/www.stromberg-gymnasium.de\/?p=21557","title":{"rendered":"Exkursion zum Space-Talk in Stuttgart"},"content":{"rendered":"<p style=\"text-align: justify;\">\u201eNeugier ist, was uns bis hierher gebracht hat\u201c, so Johann-Dietrich W\u00f6rner, Generaldirektor der ESA (European Space Agency). Das dachten sich auch die Sch\u00fclerinnen und Sch\u00fcler der Physik-Neigungskurse J1\/2 und des Astronomiekurses J1, die am vergangenen Dienstag nach Stuttgart zum Space-Talk in Stuttgart aufgebrochen waren.<\/p>\n<p style=\"text-align: justify;\">Das Thema der Raufahrtkonferenz waren die \u201eNew goals in Space\u201c. Nach einem kurzen \u00dcberblick \u00fcber die aktuellen Bestrebungen der Forschungen der Raumfahrt und der Ehrung von Thomas Reiter mit der Eugen Seger Medaille, begann das Highlight der Konferenz: Der ehemalige \u201eMoon-Walker\u201c Charles Duke stellte Fotos und Videos seiner Reise zum Mond vor und f\u00fchrte durch die technischen und organisatorischen Herausforderungen der Mission.<\/p>\n<p style=\"text-align: justify;\">Den kr\u00f6nenden Abschluss bietete eine Podiumsdiskussion zum Thema der Konferenz, \u201eNew goals in space\u201c, an der neben Duke auch Reiter und die ESA-Astronautin Samantha Cristoforetti teilnahmen.<\/p>\n<p style=\"text-align: justify;\">Egal ob Duke, Reiter oder der Moderator der Konferenz, Stephanos Fasoulas, begeistert waren sie alle von der gro\u00dfen Zahl anwesender, junger Interessenten. \u201eDie Zukunft der Raumfahrt sehe ich ganz genau vor mir; das seid n\u00e4mlich ihr, liebe Sch\u00fclerinnen und Sch\u00fcler, liebe Studenten\u201c, sagte Fasoulas.<\/p>\n<p style=\"text-align: justify;\">Wer von unseren Sch\u00fclerinnen und Sch\u00fclern nun Teil hat an der Konstruktion des \u201eMoon-Village\u201c, oder vielleicht selber die n\u00e4chste Mission zum Mars plant war am Ende des Vormittags nicht klar; doch eines war sicher: Das Interesse und die Neugier in diese Richtung weiterzudenken wurden geweckt.<\/p>\n<p style=\"text-align: right;\"><em>Bericht: Andreas Acker<\/em><\/p>\n\n\t\t<div id='gallery-1' class='gallery galleryid-21557 gallery-columns-3 gallery-size-medium gallery1'><script type=\"text\/javascript\">\r\n\/\/ <![CDATA[\r\n\tjQuery(document).ready(function () {\r\n\t\tjQuery(\".gallery1 a\").attr(\"rel\",\"gallery1\");\t\r\n\t\tjQuery('a[rel=\"gallery1\"]').colorbox({maxWidth:\"95%\", maxHeight:\"95%\",title: function(){ return jQuery(this).children().attr(\"alt\"); }, });\r\n\t});\r\n\/\/ ]]>\r\n<\/script>\n\r\n\t\t\t<style type=\"text\/css\">\r\n\t\t\t\t#cboxCurrent { display:none !important; }\r\n\t\t\t<\/style>\n<figure class=\"gallery-item\">\n<div class=\"gallery-icon\">\r\n<a href=\"https:\/\/www.stromberg-gymnasium.de\/wordpress\/wp-content\/uploads\/2017\/11\/space-talk-2017_13.jpg\" title=\"\" rel=\"gallery1\"><img loading=\"lazy\" decoding=\"async\" src=\"https:\/\/www.stromberg-gymnasium.de\/wordpress\/wp-content\/uploads\/2017\/11\/space-talk-2017_13-300x225.jpg\" width=\"300\" height=\"225\" alt=\"\" \/><\/a>\r\n<\/div><\/figure><figure class=\"gallery-item\">\n<div class=\"gallery-icon\">\r\n<a href=\"https:\/\/www.stromberg-gymnasium.de\/wordpress\/wp-content\/uploads\/2017\/11\/space-talk-2017_12.jpg\" title=\"\" rel=\"gallery1\"><img loading=\"lazy\" decoding=\"async\" src=\"https:\/\/www.stromberg-gymnasium.de\/wordpress\/wp-content\/uploads\/2017\/11\/space-talk-2017_12-300x225.jpg\" width=\"300\" height=\"225\" alt=\"\" \/><\/a>\r\n<\/div><\/figure><figure class=\"gallery-item\">\n<div class=\"gallery-icon\">\r\n<a href=\"https:\/\/www.stromberg-gymnasium.de\/wordpress\/wp-content\/uploads\/2017\/11\/space-talk-2017_11.jpg\" title=\"\" rel=\"gallery1\"><img loading=\"lazy\" decoding=\"async\" src=\"https:\/\/www.stromberg-gymnasium.de\/wordpress\/wp-content\/uploads\/2017\/11\/space-talk-2017_11-300x225.jpg\" width=\"300\" height=\"225\" alt=\"\" \/><\/a>\r\n<\/div><\/figure><figure class=\"gallery-item\">\n<div class=\"gallery-icon\">\r\n<a href=\"https:\/\/www.stromberg-gymnasium.de\/wordpress\/wp-content\/uploads\/2017\/11\/space-talk-2017_10.jpg\" title=\"\" rel=\"gallery1\"><img loading=\"lazy\" decoding=\"async\" src=\"https:\/\/www.stromberg-gymnasium.de\/wordpress\/wp-content\/uploads\/2017\/11\/space-talk-2017_10-300x225.jpg\" width=\"300\" height=\"225\" alt=\"\" \/><\/a>\r\n<\/div><\/figure><figure class=\"gallery-item\">\n<div class=\"gallery-icon\">\r\n<a href=\"https:\/\/www.stromberg-gymnasium.de\/wordpress\/wp-content\/uploads\/2017\/11\/space-talk-2017_9.jpg\" title=\"\" rel=\"gallery1\"><img loading=\"lazy\" decoding=\"async\" src=\"https:\/\/www.stromberg-gymnasium.de\/wordpress\/wp-content\/uploads\/2017\/11\/space-talk-2017_9-300x225.jpg\" width=\"300\" height=\"225\" alt=\"\" \/><\/a>\r\n<\/div><\/figure><figure class=\"gallery-item\">\n<div class=\"gallery-icon\">\r\n<a href=\"https:\/\/www.stromberg-gymnasium.de\/wordpress\/wp-content\/uploads\/2017\/11\/space-talk-2017_6.jpg\" title=\"\" rel=\"gallery1\"><img loading=\"lazy\" decoding=\"async\" src=\"https:\/\/www.stromberg-gymnasium.de\/wordpress\/wp-content\/uploads\/2017\/11\/space-talk-2017_6-300x225.jpg\" width=\"300\" height=\"225\" alt=\"\" \/><\/a>\r\n<\/div><\/figure><figure class=\"gallery-item\">\n<div class=\"gallery-icon\">\r\n<a href=\"https:\/\/www.stromberg-gymnasium.de\/wordpress\/wp-content\/uploads\/2017\/11\/space-talk-2017_5.jpg\" title=\"\" rel=\"gallery1\"><img loading=\"lazy\" decoding=\"async\" src=\"https:\/\/www.stromberg-gymnasium.de\/wordpress\/wp-content\/uploads\/2017\/11\/space-talk-2017_5-300x225.jpg\" width=\"300\" height=\"225\" alt=\"\" \/><\/a>\r\n<\/div><\/figure><figure class=\"gallery-item\">\n<div class=\"gallery-icon\">\r\n<a href=\"https:\/\/www.stromberg-gymnasium.de\/wordpress\/wp-content\/uploads\/2017\/11\/space-talk-2017_4.jpg\" title=\"\" rel=\"gallery1\"><img loading=\"lazy\" decoding=\"async\" src=\"https:\/\/www.stromberg-gymnasium.de\/wordpress\/wp-content\/uploads\/2017\/11\/space-talk-2017_4-300x225.jpg\" width=\"300\" height=\"225\" alt=\"\" \/><\/a>\r\n<\/div><\/figure><figure class=\"gallery-item\">\n<div class=\"gallery-icon\">\r\n<a href=\"https:\/\/www.stromberg-gymnasium.de\/wordpress\/wp-content\/uploads\/2017\/11\/space-talk-2017_3.jpg\" title=\"\" rel=\"gallery1\"><img loading=\"lazy\" decoding=\"async\" src=\"https:\/\/www.stromberg-gymnasium.de\/wordpress\/wp-content\/uploads\/2017\/11\/space-talk-2017_3-225x300.jpg\" width=\"225\" height=\"300\" alt=\"\" \/><\/a>\r\n<\/div><\/figure><figure class=\"gallery-item\">\n<div class=\"gallery-icon\">\r\n<a href=\"https:\/\/www.stromberg-gymnasium.de\/wordpress\/wp-content\/uploads\/2017\/11\/space-talk-2017_2.jpg\" title=\"\" rel=\"gallery1\"><img loading=\"lazy\" decoding=\"async\" src=\"https:\/\/www.stromberg-gymnasium.de\/wordpress\/wp-content\/uploads\/2017\/11\/space-talk-2017_2-300x225.jpg\" width=\"300\" height=\"225\" alt=\"\" \/><\/a>\r\n<\/div><\/figure><figure class=\"gallery-item\">\n<div class=\"gallery-icon\">\r\n<a href=\"https:\/\/www.stromberg-gymnasium.de\/wordpress\/wp-content\/uploads\/2017\/11\/space-talk-2017_1.jpg\" title=\"\" rel=\"gallery1\"><img loading=\"lazy\" decoding=\"async\" src=\"https:\/\/www.stromberg-gymnasium.de\/wordpress\/wp-content\/uploads\/2017\/11\/space-talk-2017_1-300x225.jpg\" width=\"300\" height=\"225\" alt=\"\" \/><\/a>\r\n<\/div><\/figure>\r\n\t\t<\/div>\n\n","protected":false},"excerpt":{"rendered":"<p>Am Dienstag, den 07. November begaben sich interessierte Physiker des Stromberg-Gymnasiums und die Sch\u00fcler des Kooperationskurses Astronomie auf die Suche nach der Antwort nach &#8222;neuen Zielen im Weltall&#8220;.<\/p>\n","protected":false},"author":1,"featured_media":23280,"comment_status":"closed","ping_status":"closed","sticky":false,"template":"","format":"standard","meta":{"footnotes":""},"categories":[4],"tags":[20,16,21],"class_list":["post-21557","post","type-post","status-publish","format-standard","has-post-thumbnail","hentry","category-veranstaltungen","tag-astronomie","tag-mint","tag-physik"],"_links":{"self":[{"href":"https:\/\/www.stromberg-gymnasium.de\/index.php?rest_route=\/wp\/v2\/posts\/21557","targetHints":{"allow":["GET"]}}],"collection":[{"href":"https:\/\/www.stromberg-gymnasium.de\/index.php?rest_route=\/wp\/v2\/posts"}],"about":[{"href":"https:\/\/www.stromberg-gymnasium.de\/index.php?rest_route=\/wp\/v2\/types\/post"}],"author":[{"embeddable":true,"href":"https:\/\/www.stromberg-gymnasium.de\/index.php?rest_route=\/wp\/v2\/users\/1"}],"replies":[{"embeddable":true,"href":"https:\/\/www.stromberg-gymnasium.de\/index.php?rest_route=%2Fwp%2Fv2%2Fcomments&post=21557"}],"version-history":[{"count":2,"href":"https:\/\/www.stromberg-gymnasium.de\/index.php?rest_route=\/wp\/v2\/posts\/21557\/revisions"}],"predecessor-version":[{"id":23590,"href":"https:\/\/www.stromberg-gymnasium.de\/index.php?rest_route=\/wp\/v2\/posts\/21557\/revisions\/23590"}],"wp:featuredmedia":[{"embeddable":true,"href":"https:\/\/www.stromberg-gymnasium.de\/index.php?rest_route=\/wp\/v2\/media\/23280"}],"wp:attachment":[{"href":"https:\/\/www.stromberg-gymnasium.de\/index.php?rest_route=%2Fwp%2Fv2%2Fmedia&parent=21557"}],"wp:term":[{"taxonomy":"category","embeddable":true,"href":"https:\/\/www.stromberg-gymnasium.de\/index.php?rest_route=%2Fwp%2Fv2%2Fcategories&post=21557"},{"taxonomy":"post_tag","embeddable":true,"href":"https:\/\/www.stromberg-gymnasium.de\/index.php?rest_route=%2Fwp%2Fv2%2Ftags&post=21557"}],"curies":[{"name":"wp","href":"https:\/\/api.w.org\/{rel}","templated":true}]}}