{"id":21630,"date":"2017-11-20T06:00:24","date_gmt":"2017-11-20T05:00:24","guid":{"rendered":"http:\/\/www.stromberg-gymnasium.de\/?p=21630"},"modified":"2018-06-22T19:47:48","modified_gmt":"2018-06-22T17:47:48","slug":"ein-baum-fuer-die-juengsten-schuelerschaft-pflanzt-einen-apfelbaum-fuer-die-neuen-fuenftklaessler","status":"publish","type":"post","link":"https:\/\/www.stromberg-gymnasium.de\/?p=21630","title":{"rendered":"Ein Baum f\u00fcr die J\u00fcngsten &#8211; Sch\u00fclerschaft pflanzt einen Apfelbaum f\u00fcr die neuen F\u00fcnftkl\u00e4ssler"},"content":{"rendered":"<p class=\"Text\" style=\"line-height: 150%; text-align: justify;\">71 neue F\u00fcnftkl\u00e4sser des Stromberg-Gymnasiums trotzten der einziehenden K\u00e4lte, um ein Geschenk ihrer \u00e4lteren Mitsch\u00fcler entgegenzunehmen: einen Apfelbaum.<br \/>\nSeit einigen Jahren pflanzen die SMV sowie die schuleigene Firma <i>F\u00e4ra<\/i> gemeinsam mit den J\u00fcngsten am Stromberg-Gymnasium einen Apfelbaum. Mit Hilfe des Vaihinger Bau\u201cm\u201camts fand die Pflanzung am fr\u00fchen Dienstagmorgen auf dem Schulweg zum Stromberg-Gymnasium statt.<br \/>\nWie der Baum sollen auch die neuen F\u00fcnftkl\u00e4ssler auf ihrem weiteren Lebensweg wachsen und reifen und die Fr\u00fcchte ihrer Arbeit ernten.<br \/>\nVertreter der SMV sowie der <i>F\u00e4ra<\/i> richteten nette Worte an die gespannten F\u00fcnftkl\u00e4ssler, hie\u00dfen diese noch einmal herzlich am Stromberg-Gymnasium Willkommen und betonten hierbei, dass sich die Schule sowie die gesamte Sch\u00fclerschaft \u00fcber den Zuwachs an neuen, jungen und motivierten Sch\u00fclern sehr freut.<br \/>\nW\u00e4hrend der Kennenlerntage in Murrhardt durften die F\u00fcnftkl\u00e4sser W\u00fcnsche f\u00fcr ihre Zukunft auf bunte K\u00e4rtchen schreiben. Neben guten Noten und Traumberufen wurden vor allem tolle Freundschaften und eine friedliche Zukunft sowie nette Lehrern und sch\u00f6ne gemeinsame Erlebnisse aufgeschrieben. Die Paten der neuen F\u00fcnftkl\u00e4ssler h\u00e4ngten diese Wunschk\u00e4rtchen nun an den Baum, sodass dieser bereits die ersten bunten \u201aFr\u00fcchte\u2018 tr\u00e4gt.<br \/>\nSchulleiterin Katja Kranich lobte diese Aktion als wunderbare M\u00f6glichkeit f\u00fcr die J\u00fcngsten, in die lebendige und gut funktionierende Schulgemeinschaft hineinzuwachsen. Die vielen engagierten Sch\u00fcler zeigen mit dieser Aktion ihren Wunsch nach einer gl\u00fccklichen Gemeinschaft sowie einem fr\u00f6hlichen F\u00fcreinander und die neuen F\u00fcnftkl\u00e4ssler haben mit dem Baum sicher eine sch\u00f6ne Erinnerung, die t\u00e4glich zu sehen ist und die sie auf ihrem weiteren Weg begleitet.<\/p>\n<p style=\"text-align: right;\"><em>Dominik Schmolck<\/em><\/p>\n\n\t\t<div id='gallery-1' class='gallery galleryid-21630 gallery-columns-3 gallery-size-medium gallery1'><script type=\"text\/javascript\">\r\n\/\/ <![CDATA[\r\n\tjQuery(document).ready(function () {\r\n\t\tjQuery(\".gallery1 a\").attr(\"rel\",\"gallery1\");\t\r\n\t\tjQuery('a[rel=\"gallery1\"]').colorbox({maxWidth:\"95%\", maxHeight:\"95%\",title: function(){ return jQuery(this).children().attr(\"alt\"); }, });\r\n\t});\r\n\/\/ ]]>\r\n<\/script>\n\r\n\t\t\t<style type=\"text\/css\">\r\n\t\t\t\t#cboxCurrent { display:none !important; }\r\n\t\t\t<\/style>\n<figure class=\"gallery-item\">\n<div class=\"gallery-icon\">\r\n<a href=\"https:\/\/www.stromberg-gymnasium.de\/wordpress\/wp-content\/uploads\/2017\/11\/ein_apfelbaum_fuer_die_neuen_fuenftklaessler_10.jpg\" title=\"\" rel=\"gallery1\"><img loading=\"lazy\" decoding=\"async\" src=\"https:\/\/www.stromberg-gymnasium.de\/wordpress\/wp-content\/uploads\/2017\/11\/ein_apfelbaum_fuer_die_neuen_fuenftklaessler_10-225x300.jpg\" width=\"225\" height=\"300\" alt=\"\" \/><\/a>\r\n<\/div><\/figure><figure class=\"gallery-item\">\n<div class=\"gallery-icon\">\r\n<a href=\"https:\/\/www.stromberg-gymnasium.de\/wordpress\/wp-content\/uploads\/2017\/11\/ein_apfelbaum_fuer_die_neuen_fuenftklaessler_08.jpg\" title=\"\" rel=\"gallery1\"><img loading=\"lazy\" decoding=\"async\" src=\"https:\/\/www.stromberg-gymnasium.de\/wordpress\/wp-content\/uploads\/2017\/11\/ein_apfelbaum_fuer_die_neuen_fuenftklaessler_08-300x225.jpg\" width=\"300\" height=\"225\" alt=\"\" \/><\/a>\r\n<\/div><\/figure><figure class=\"gallery-item\">\n<div class=\"gallery-icon\">\r\n<a href=\"https:\/\/www.stromberg-gymnasium.de\/wordpress\/wp-content\/uploads\/2017\/11\/ein_apfelbaum_fuer_die_neuen_fuenftklaessler_07.jpg\" title=\"\" rel=\"gallery1\"><img loading=\"lazy\" decoding=\"async\" src=\"https:\/\/www.stromberg-gymnasium.de\/wordpress\/wp-content\/uploads\/2017\/11\/ein_apfelbaum_fuer_die_neuen_fuenftklaessler_07-300x225.jpg\" width=\"300\" height=\"225\" alt=\"\" \/><\/a>\r\n<\/div><\/figure><figure class=\"gallery-item\">\n<div class=\"gallery-icon\">\r\n<a href=\"https:\/\/www.stromberg-gymnasium.de\/wordpress\/wp-content\/uploads\/2017\/11\/ein_apfelbaum_fuer_die_neuen_fuenftklaessler_05.jpg\" title=\"\" rel=\"gallery1\"><img loading=\"lazy\" decoding=\"async\" src=\"https:\/\/www.stromberg-gymnasium.de\/wordpress\/wp-content\/uploads\/2017\/11\/ein_apfelbaum_fuer_die_neuen_fuenftklaessler_05-300x225.jpg\" width=\"300\" height=\"225\" alt=\"\" \/><\/a>\r\n<\/div><\/figure><figure class=\"gallery-item\">\n<div class=\"gallery-icon\">\r\n<a href=\"https:\/\/www.stromberg-gymnasium.de\/wordpress\/wp-content\/uploads\/2017\/11\/ein_apfelbaum_fuer_die_neuen_fuenftklaessler_03.jpg\" title=\"\" rel=\"gallery1\"><img loading=\"lazy\" decoding=\"async\" src=\"https:\/\/www.stromberg-gymnasium.de\/wordpress\/wp-content\/uploads\/2017\/11\/ein_apfelbaum_fuer_die_neuen_fuenftklaessler_03-225x300.jpg\" width=\"225\" height=\"300\" alt=\"\" \/><\/a>\r\n<\/div><\/figure>\r\n\t\t<\/div>\n\n","protected":false},"excerpt":{"rendered":"<p>71 neue F\u00fcnftkl\u00e4sser des Stromberg-Gymnasiums trotzten der einziehenden K\u00e4lte, um ein Geschenk ihrer \u00e4lteren Mitsch\u00fcler entgegenzunehmen: einen Apfelbaum.<\/p>\n","protected":false},"author":1,"featured_media":23113,"comment_status":"closed","ping_status":"closed","sticky":false,"template":"","format":"standard","meta":{"footnotes":""},"categories":[4],"tags":[12],"class_list":["post-21630","post","type-post","status-publish","format-standard","has-post-thumbnail","hentry","category-veranstaltungen","tag-smv"],"_links":{"self":[{"href":"https:\/\/www.stromberg-gymnasium.de\/index.php?rest_route=\/wp\/v2\/posts\/21630","targetHints":{"allow":["GET"]}}],"collection":[{"href":"https:\/\/www.stromberg-gymnasium.de\/index.php?rest_route=\/wp\/v2\/posts"}],"about":[{"href":"https:\/\/www.stromberg-gymnasium.de\/index.php?rest_route=\/wp\/v2\/types\/post"}],"author":[{"embeddable":true,"href":"https:\/\/www.stromberg-gymnasium.de\/index.php?rest_route=\/wp\/v2\/users\/1"}],"replies":[{"embeddable":true,"href":"https:\/\/www.stromberg-gymnasium.de\/index.php?rest_route=%2Fwp%2Fv2%2Fcomments&post=21630"}],"version-history":[{"count":1,"href":"https:\/\/www.stromberg-gymnasium.de\/index.php?rest_route=\/wp\/v2\/posts\/21630\/revisions"}],"predecessor-version":[{"id":23599,"href":"https:\/\/www.stromberg-gymnasium.de\/index.php?rest_route=\/wp\/v2\/posts\/21630\/revisions\/23599"}],"wp:featuredmedia":[{"embeddable":true,"href":"https:\/\/www.stromberg-gymnasium.de\/index.php?rest_route=\/wp\/v2\/media\/23113"}],"wp:attachment":[{"href":"https:\/\/www.stromberg-gymnasium.de\/index.php?rest_route=%2Fwp%2Fv2%2Fmedia&parent=21630"}],"wp:term":[{"taxonomy":"category","embeddable":true,"href":"https:\/\/www.stromberg-gymnasium.de\/index.php?rest_route=%2Fwp%2Fv2%2Fcategories&post=21630"},{"taxonomy":"post_tag","embeddable":true,"href":"https:\/\/www.stromberg-gymnasium.de\/index.php?rest_route=%2Fwp%2Fv2%2Ftags&post=21630"}],"curies":[{"name":"wp","href":"https:\/\/api.w.org\/{rel}","templated":true}]}}