{"id":22062,"date":"2018-02-02T06:00:17","date_gmt":"2018-02-02T05:00:17","guid":{"rendered":"http:\/\/www.stromberg-gymnasium.de\/?p=22062"},"modified":"2018-02-02T06:00:17","modified_gmt":"2018-02-02T05:00:17","slug":"aus-dem-kinderzimmer-nach-syrien","status":"publish","type":"post","link":"https:\/\/www.stromberg-gymnasium.de\/?p=22062","title":{"rendered":"Aus dem Kinderzimmer nach Syrien"},"content":{"rendered":"<p style=\"text-align: center;\"><strong><em>Cin\u00e9f\u00eate-Besuch der Klassen 10a und 10c des SG<\/em><\/strong><\/p>\n<p style=\"text-align: justify;\"><img loading=\"lazy\" decoding=\"async\" class=\"alignright wp-image-22065\" src=\"https:\/\/www.stromberg-gymnasium.de\/wp\/wp-content\/uploads\/2018\/01\/CF_quadratisch_2000px_cmyk-1-300x300.jpg\" alt=\"\" width=\"200\" height=\"200\" \/>Wie kann es sein, dass wohlbeh\u00fctete Kinder dem IS auf den Leim gehen und von Frankreich aus in den Dschihad ziehen, um den Eltern einen Platz im Paradies zu sichern? Mit Fragen wie dieser besch\u00e4ftigt sich der vielfach ausgezeichnete Film \u201eLe ciel attendra\u201c (Der Himmel wird warten), den Sch\u00fclerinnen und Sch\u00fcler der Klassen 10a und 10c des Stromberg-Gymnasiums in der vergangenen Woche im Rahmen des franz\u00f6sischen Jugendfilmfestivals \u201eCin\u00e9fete\u201c sehen durften. Gemeinsam mit ihren Franz\u00f6sischlehrerinnen besuchten sie zum Abschluss der deutsch-franz\u00f6sischen Woche das Lichtspieltheater Luna in Ludwigsburg, wo der Film in franz\u00f6sischer Sprache gezeigt wurde.<\/p>\n<p style=\"text-align: justify;\">Der Film besch\u00e4ftigt sich mit der Radikalisierung zweier franz\u00f6sischer M\u00e4dchen, die in den \u201eHeiligen Krieg\u201c ziehen wollen. Indem die Perspektive zwischen der der Eltern, der Therapeutin und der M\u00e4dchen selbst wechselt, erhielten die Sch\u00fclerinnen und Sch\u00fcler beim Zuschauen Einblick in die Vielschichtigkeit des Themas und wurden gleichzeitig auf die hohe Gefahr einer Radikalisierung durch die st\u00e4ndige Verf\u00fcgbarkeit und Verf\u00fchrungskraft der neuen Medien aufmerksam gemacht.<\/p>\n<p style=\"text-align: justify;\">Besonders eindrucksvoll ist der Film auch gerade dadurch, dass Dounia Bouzar, die vor drei Jahren das franz\u00f6sische Zentrum zur Pr\u00e4vention, Entradikalisierung und individueller Betreuung (CPDSI) mitbegr\u00fcndet hat, selbst im Film mitspielt und dem Ganzen somit zum Teil dokumentarischen Charakter verleiht. In den vergangenen Jahren hat das CPDSI \u00fcber 1100 Jugendliche und deren Eltern betreut und durch ihr Deradikalisierungsprogramm begleitet. Das irritierende Szenario, das der Film entwirft, ist also erschreckend real.<\/p>\n<p style=\"text-align: justify;\">Durch eine intensive Vor- und Nachbereitung des Films im Unterricht war es den Zehntkl\u00e4sslerinnen und Zehntkl\u00e4sslern m\u00f6glich, sich diesem ernsthaften und anspruchsvollen Thema auch in der Fremdsprache zu n\u00e4hern und es zu reflektieren. Neben dem Kinoerlebnis als typisch franz\u00f6sischem Kulturereignis und dem sprachlichen Zugewinn war es vor allem der lebensweltliche Bezug, der die jungen Kinobesucher am st\u00e4rksten beeindruckte. \u201eAnspruchsvoll und aktuell, hat uns wirklich zum Nachdenken angeregt\u201c, lautete beispielsweise das Fazit von Hanna aus der Klasse 10a. Trotz einiger bis zum Schluss offener Fragen enthielt der Film aus Sicht der Sch\u00fclerinnen und Sch\u00fcler damit etliche gewinnbringende Impulse f\u00fcr ihr eigenes Leben. \u201eAu\u00dferunterrichtliche Veranstaltungen wie diese sind meiner Meinung nach unverzichtbar\u201c, res\u00fcmierte Referendarin Anna-Theresa Kr\u00e4uter, \u201edenn gerade heute hat man wieder gemerkt, dass die Jugendlichen dabei nicht nur fachlich dazulernen, sondern auch ihre ganz pers\u00f6nlichen Einstellungen und Grunds\u00e4tze hinterfragen und zu reflektierten Pers\u00f6nlichkeiten heranreifen.\u201c<\/p>\n<p style=\"text-align: right;\"><i>Frau Hammel, Frau F\u00f6rnzler, Frau Kr\u00e4uter<\/i><\/p>\n<p><img loading=\"lazy\" decoding=\"async\" class=\"alignnone wp-image-22082 size-full\" src=\"https:\/\/www.stromberg-gymnasium.de\/wp\/wp-content\/uploads\/2018\/02\/Cin\u00e9f\u00eate-10ac-1_18-e1517579182149.jpg\" alt=\"\" width=\"1025\" height=\"769\" \/><\/p>\n<p>&nbsp;<\/p>\n<p>&nbsp;<\/p>\n<p style=\"text-align: justify;\">\n","protected":false},"excerpt":{"rendered":"<p>Wie kann es sein, dass wohlbeh\u00fctete Kinder dem IS auf den Leim gehen und von Frankreich aus in den Dschihad ziehen, um den Eltern einen Platz im Paradies zu sichern? Mit Fragen wie dieser besch\u00e4ftigt sich der vielfach ausgezeichnete Film \u201eLe ciel attendra\u201c (Der Himmel wird warten), den Sch\u00fclerinnen und Sch\u00fcler der Klassen 10a und 10c des Stromberg-Gymnasiums in der vergangenen Woche im Rahmen des franz\u00f6sischen Jugendfilmfestivals \u201eCin\u00e9fete\u201c sehen durften. <\/p>\n","protected":false},"author":1,"featured_media":22065,"comment_status":"closed","ping_status":"closed","sticky":false,"template":"","format":"standard","meta":{"footnotes":""},"categories":[6],"tags":[29],"class_list":["post-22062","post","type-post","status-publish","format-standard","has-post-thumbnail","hentry","category-unterricht","tag-franzoesisch"],"_links":{"self":[{"href":"https:\/\/www.stromberg-gymnasium.de\/index.php?rest_route=\/wp\/v2\/posts\/22062","targetHints":{"allow":["GET"]}}],"collection":[{"href":"https:\/\/www.stromberg-gymnasium.de\/index.php?rest_route=\/wp\/v2\/posts"}],"about":[{"href":"https:\/\/www.stromberg-gymnasium.de\/index.php?rest_route=\/wp\/v2\/types\/post"}],"author":[{"embeddable":true,"href":"https:\/\/www.stromberg-gymnasium.de\/index.php?rest_route=\/wp\/v2\/users\/1"}],"replies":[{"embeddable":true,"href":"https:\/\/www.stromberg-gymnasium.de\/index.php?rest_route=%2Fwp%2Fv2%2Fcomments&post=22062"}],"version-history":[{"count":0,"href":"https:\/\/www.stromberg-gymnasium.de\/index.php?rest_route=\/wp\/v2\/posts\/22062\/revisions"}],"wp:featuredmedia":[{"embeddable":true,"href":"https:\/\/www.stromberg-gymnasium.de\/index.php?rest_route=\/"}],"wp:attachment":[{"href":"https:\/\/www.stromberg-gymnasium.de\/index.php?rest_route=%2Fwp%2Fv2%2Fmedia&parent=22062"}],"wp:term":[{"taxonomy":"category","embeddable":true,"href":"https:\/\/www.stromberg-gymnasium.de\/index.php?rest_route=%2Fwp%2Fv2%2Fcategories&post=22062"},{"taxonomy":"post_tag","embeddable":true,"href":"https:\/\/www.stromberg-gymnasium.de\/index.php?rest_route=%2Fwp%2Fv2%2Ftags&post=22062"}],"curies":[{"name":"wp","href":"https:\/\/api.w.org\/{rel}","templated":true}]}}