{"id":23681,"date":"2018-07-02T12:30:08","date_gmt":"2018-07-02T10:30:08","guid":{"rendered":"http:\/\/www.stromberg-gymnasium.de\/wordpress\/?p=23681"},"modified":"2018-07-02T12:30:08","modified_gmt":"2018-07-02T10:30:08","slug":"musikalische-reise-unter-die-meeresoberflaeche","status":"publish","type":"post","link":"https:\/\/www.stromberg-gymnasium.de\/?p=23681","title":{"rendered":"Musikalische Reise unter die Meeresoberfl\u00e4che"},"content":{"rendered":"<p style=\"text-align: justify;\"><strong><em>Das Stromberg-Gymnasium taucht beim Sommerkonzert ab<\/em><\/strong><\/p>\n<p style=\"text-align: justify;\">Unter dem Motto \u201eWasser\u201c hatte das Stromberg-Gymnasium am vergangenen Freitag zum diesj\u00e4hrigen Sommerkonzert eingeladen und den zahlreichen Besuchern einen abwechslungsreichen musikalischen Abend pr\u00e4sentiert.<\/p>\n<p style=\"text-align: justify;\">Den Auftakt bildeten die Fantastikinder der Klassenstufe 5 bis 7, die ihre aktuellen Hits bereits kurz zuvor unter professioneller Leitung in der Vaihinger Stadthalle aufgenommen hatten. Stimmlich bestens aufeinander eingespielt und auch optisch \u00fcberzeugend mit ihren choreigenen T-Shirts boten die knapp 30 Sch\u00fclerinnen und Sch\u00fcler unter der Leitung von Carmen F\u00f6rnzler vier Lieder des franz\u00f6sischen Komponisten Jean N\u00f4 dar, die das Thema Wasser als facettenreiches und vor allem lebensnotwendiges Gut aufgriffen. Besonders eindr\u00fccklich war der dem Lied \u201eEs gibt genug\u201c innewohnende Appell f\u00fcr eine faire Verteilung der Ressourcen auf der Welt, welchen die jungen S\u00e4ngerinnen und S\u00e4nger mit bunten Demoplakaten untermauerten. Dieser Energie konnten sich die Zuh\u00f6rer unm\u00f6glich entziehen und klatschten und sangen begeistert bei den eing\u00e4ngigen Refrains mit.<\/p>\n<p style=\"text-align: justify;\">Romantischere Kl\u00e4nge schlug dagegen die Big Band unter der Leitung von Thorsten Hohensee an, die zun\u00e4chst das Lied \u201eBeyond the Sea\u201c zu Geh\u00f6r brachte. Solistin Tabea Klaschka (10b) versetzte die Zuh\u00f6rer in langen Melodieb\u00f6gen und beeindruckend gehaltener Spannung weit aufs Meer hinaus, einf\u00fchlsam und rhythmisch genau von der Big Band begleitet. Ihren ersten Soloauftritt meisterte im Anschluss die Siebtkl\u00e4sslerin Amy Essig, welche die Stimmung des zun\u00e4chst gef\u00fchlvollen St\u00fccks \u201eCome sail away\u201c hervorragend transportieren konnte. Der explosive \u00dcbergang des Liedes hin zum Rock gelang der pr\u00e4zisen Rhythmusgruppe m\u00fchelos.<\/p>\n<p style=\"text-align: justify;\">Auch die jungen Solisten Teresa Werr und Jonas Dohn beeindruckten die Zuh\u00f6rer mit ihrer Interpretation des Liedes \u201eBurn\u201c von Ellie Golding nachdr\u00fccklich, wenngleich die Siebtkl\u00e4ssler es trotz erstklassigem Gesang schwer hatten, mit dem folgenden heimlichen Publikumsliebling in Badehose mitzuhalten: Unglaublich energiegeladen und mit viel Spa\u00df sang der Solist Matthias Neulinger, ein Mitglied des Lehrerkollegiums, Robbie Williams\u2018 \u201eLet me entertain you\u201c und riss damit das Publikum zu wahren Beifallsst\u00fcrmen hin. Beim folgenden Song \u201eSmoke on the water\u201c erzwang das Publikum dann sogar eine Zugabe von der gewohnt sicher und kraftvoll spielenden Big Band.<\/p>\n<p style=\"text-align: justify;\">\u00dcber und unter der Meeresoberfl\u00e4che bewegte sich auch der von Eva Volckmann geleitete Mittel- und Oberstufenchor mit dem St\u00fcck \u201eCaresse sur l\u2019oc\u00e9an\u201c. Begleitet wurde der Chor dabei von den Solisten Tabea Klaschka und Carina Dunz (7b), einer jungen Nachwuchss\u00e4ngerin, die mit ihrer klaren Stimme selbstbewusst die Melodiestimme untermalte. Beim aus dem Film <em>Arielle<\/em> bekannten Lied \u201eUnder the Sea\u201c unterst\u00fctzte neben weiteren Solisten Jonas Dohn (7c) an den Bongos die Rhythmusgruppe. Der H\u00f6hepunkt war der anschlie\u00dfend souver\u00e4n und mit gro\u00dfer Homogenit\u00e4t vorgetragene Song \u201eHow far I\u2019ll go\u201c aus dem Film <em>Vaiana<\/em>, der den Chor noch einmal in voller G\u00e4nze erstrahlen lie\u00df.<\/p>\n<p style=\"text-align: justify;\">Dem Orchester gelang es unter der Leitung von Barbara Hartmann anschlie\u00dfend, die Zuh\u00f6rer mit den bekannten Kl\u00e4ngen von Bed\u0159ich Smetanas \u201eMoldau\u201c zu beeindrucken. In der bearbeiteten Version pl\u00e4tscherten die schnellen Wogen vor allem durch das virtuose und souver\u00e4ne Spiel von Phuong-Vy Ho (9a) am Klavier, w\u00e4hrend das Orchester die schwelgende Moldaumelodie in ihren verschiedenen Einf\u00e4rbungen dazu zauberte.<\/p>\n<p style=\"text-align: justify;\">Aus H\u00e4ndels Wassermusik-Suite mit ihren barocken, feierlichen Kl\u00e4ngen bot das Orchester vier T\u00e4nze dar. In feinen Nuancen von synkopischen Satzanf\u00e4ngen bis hin zum mit Pauken und Trompeten verst\u00e4rkten Dreiertakt des zweiten Menuetts musizierten die Sch\u00fclerinnen und Sch\u00fcler aus den Klassenstufen 5 bis J1 mit sp\u00fcrbarer Musikalit\u00e4t.<\/p>\n<p style=\"text-align: justify;\">Den Abschluss des Abends bildete der Song \u201eMy heart will go on\u201c aus dem Film <em>Titanic<\/em>: Aus der Stille des vermeintlich tragischen Endes heraus spielte Ellen Mamier (10a) mit ihrer Querfl\u00f6te die ber\u00fchmte Melodie an. Das musikalische Geflecht um dieses beeindruckende Intro verdichtete sich instrumental, wobei ein weiteres Highlight Hanna Hirzels (8a) solistische Harfenarpeggien waren. Die Gesangsstimme wurde \u2013 wie im Film vom oberen Rang \u00fcber der B\u00fchne als Schiffsbug \u2013 von Katharina Brose (J1) zauberhaft dargeboten.<\/p>\n<p style=\"text-align: justify;\">Nicht zuletzt dank der sympathischen Moderation von Leonie Buck und Florian Rottner (J1) und der gewohnt zuverl\u00e4ssigen Arbeit der Technik-AG tr\u00e4umten am Ende alle Zuh\u00f6rer von Strand und Wellen. So fand\u00a0 auch Schulleiterin Katja Kranich abschlie\u00dfend nur lobende Worte f\u00fcr alle Ensembles. Besondere Anerkennung sei zudem den Solisten zu zollen, die allesamt viel Mut bewiesen und eine beachtliche Leistung erbracht h\u00e4tten, sodass der Abend ein rundum gelungenes Konzerterlebnis gewesen sei.<\/p>\n<p style=\"text-align: right;\"><em>Bericht: Sophia Hammel,\u00a0Fachschaft Musik<\/em><\/p>\n\n\t\t<div id='gallery-1' class='gallery galleryid-23681 gallery-columns-3 gallery-size-medium gallery1'><script type=\"text\/javascript\">\r\n\/\/ <![CDATA[\r\n\tjQuery(document).ready(function () {\r\n\t\tjQuery(\".gallery1 a\").attr(\"rel\",\"gallery1\");\t\r\n\t\tjQuery('a[rel=\"gallery1\"]').colorbox({maxWidth:\"95%\", maxHeight:\"95%\",title: function(){ return jQuery(this).children().attr(\"alt\"); }, });\r\n\t});\r\n\/\/ ]]>\r\n<\/script>\n\r\n\t\t\t<style type=\"text\/css\">\r\n\t\t\t\t#cboxCurrent { display:none !important; }\r\n\t\t\t<\/style>\n<figure class=\"gallery-item\">\n<div class=\"gallery-icon\">\r\n<a href=\"https:\/\/www.stromberg-gymnasium.de\/wordpress\/wp-content\/uploads\/2018\/07\/Sommerkonzert_2018_01.jpg\" title=\"\" rel=\"gallery1\"><img loading=\"lazy\" decoding=\"async\" src=\"https:\/\/www.stromberg-gymnasium.de\/wordpress\/wp-content\/uploads\/2018\/07\/Sommerkonzert_2018_01-200x300.jpg\" width=\"200\" height=\"300\" alt=\"\" \/><\/a>\r\n<\/div><\/figure><figure class=\"gallery-item\">\n<div class=\"gallery-icon\">\r\n<a href=\"https:\/\/www.stromberg-gymnasium.de\/wordpress\/wp-content\/uploads\/2018\/07\/Sommerkonzert_2018_02.jpg\" title=\"\" rel=\"gallery1\"><img loading=\"lazy\" decoding=\"async\" src=\"https:\/\/www.stromberg-gymnasium.de\/wordpress\/wp-content\/uploads\/2018\/07\/Sommerkonzert_2018_02-300x200.jpg\" width=\"300\" height=\"200\" alt=\"\" \/><\/a>\r\n<\/div><\/figure><figure class=\"gallery-item\">\n<div class=\"gallery-icon\">\r\n<a href=\"https:\/\/www.stromberg-gymnasium.de\/wordpress\/wp-content\/uploads\/2018\/07\/Sommerkonzert_2018_03.jpg\" title=\"\" rel=\"gallery1\"><img loading=\"lazy\" decoding=\"async\" src=\"https:\/\/www.stromberg-gymnasium.de\/wordpress\/wp-content\/uploads\/2018\/07\/Sommerkonzert_2018_03-300x200.jpg\" width=\"300\" height=\"200\" alt=\"\" \/><\/a>\r\n<\/div><\/figure><figure class=\"gallery-item\">\n<div class=\"gallery-icon\">\r\n<a href=\"https:\/\/www.stromberg-gymnasium.de\/wordpress\/wp-content\/uploads\/2018\/07\/Sommerkonzert_2018_04.jpg\" title=\"\" rel=\"gallery1\"><img loading=\"lazy\" decoding=\"async\" src=\"https:\/\/www.stromberg-gymnasium.de\/wordpress\/wp-content\/uploads\/2018\/07\/Sommerkonzert_2018_04-300x200.jpg\" width=\"300\" height=\"200\" alt=\"\" \/><\/a>\r\n<\/div><\/figure><figure class=\"gallery-item\">\n<div class=\"gallery-icon\">\r\n<a href=\"https:\/\/www.stromberg-gymnasium.de\/wordpress\/wp-content\/uploads\/2018\/07\/Sommerkonzert_2018_05.jpg\" title=\"\" rel=\"gallery1\"><img loading=\"lazy\" decoding=\"async\" src=\"https:\/\/www.stromberg-gymnasium.de\/wordpress\/wp-content\/uploads\/2018\/07\/Sommerkonzert_2018_05-300x200.jpg\" width=\"300\" height=\"200\" alt=\"\" \/><\/a>\r\n<\/div><\/figure><figure class=\"gallery-item\">\n<div class=\"gallery-icon\">\r\n<a href=\"https:\/\/www.stromberg-gymnasium.de\/wordpress\/wp-content\/uploads\/2018\/07\/Sommerkonzert_2018_06.jpg\" title=\"\" rel=\"gallery1\"><img loading=\"lazy\" decoding=\"async\" src=\"https:\/\/www.stromberg-gymnasium.de\/wordpress\/wp-content\/uploads\/2018\/07\/Sommerkonzert_2018_06-300x200.jpg\" width=\"300\" height=\"200\" alt=\"\" \/><\/a>\r\n<\/div><\/figure><figure class=\"gallery-item\">\n<div class=\"gallery-icon\">\r\n<a href=\"https:\/\/www.stromberg-gymnasium.de\/wordpress\/wp-content\/uploads\/2018\/07\/Sommerkonzert_2018_07.jpg\" title=\"\" rel=\"gallery1\"><img loading=\"lazy\" decoding=\"async\" src=\"https:\/\/www.stromberg-gymnasium.de\/wordpress\/wp-content\/uploads\/2018\/07\/Sommerkonzert_2018_07-300x200.jpg\" width=\"300\" height=\"200\" alt=\"\" \/><\/a>\r\n<\/div><\/figure><figure class=\"gallery-item\">\n<div class=\"gallery-icon\">\r\n<a href=\"https:\/\/www.stromberg-gymnasium.de\/wordpress\/wp-content\/uploads\/2018\/07\/Sommerkonzert_2018_08.jpg\" title=\"\" rel=\"gallery1\"><img loading=\"lazy\" decoding=\"async\" src=\"https:\/\/www.stromberg-gymnasium.de\/wordpress\/wp-content\/uploads\/2018\/07\/Sommerkonzert_2018_08-200x300.jpg\" width=\"200\" height=\"300\" alt=\"\" \/><\/a>\r\n<\/div><\/figure><figure class=\"gallery-item\">\n<div class=\"gallery-icon\">\r\n<a href=\"https:\/\/www.stromberg-gymnasium.de\/wordpress\/wp-content\/uploads\/2018\/07\/Sommerkonzert_2018_09.jpg\" title=\"\" rel=\"gallery1\"><img loading=\"lazy\" decoding=\"async\" src=\"https:\/\/www.stromberg-gymnasium.de\/wordpress\/wp-content\/uploads\/2018\/07\/Sommerkonzert_2018_09-300x200.jpg\" width=\"300\" height=\"200\" alt=\"\" \/><\/a>\r\n<\/div><\/figure><figure class=\"gallery-item\">\n<div class=\"gallery-icon\">\r\n<a href=\"https:\/\/www.stromberg-gymnasium.de\/wordpress\/wp-content\/uploads\/2018\/07\/Sommerkonzert_2018_10.jpg\" title=\"\" rel=\"gallery1\"><img loading=\"lazy\" decoding=\"async\" src=\"https:\/\/www.stromberg-gymnasium.de\/wordpress\/wp-content\/uploads\/2018\/07\/Sommerkonzert_2018_10-300x200.jpg\" width=\"300\" height=\"200\" alt=\"\" \/><\/a>\r\n<\/div><\/figure><figure class=\"gallery-item\">\n<div class=\"gallery-icon\">\r\n<a href=\"https:\/\/www.stromberg-gymnasium.de\/wordpress\/wp-content\/uploads\/2018\/07\/Sommerkonzert_2018_11.jpg\" title=\"\" rel=\"gallery1\"><img loading=\"lazy\" decoding=\"async\" src=\"https:\/\/www.stromberg-gymnasium.de\/wordpress\/wp-content\/uploads\/2018\/07\/Sommerkonzert_2018_11-300x200.jpg\" width=\"300\" height=\"200\" alt=\"\" \/><\/a>\r\n<\/div><\/figure><figure class=\"gallery-item\">\n<div class=\"gallery-icon\">\r\n<a href=\"https:\/\/www.stromberg-gymnasium.de\/wordpress\/wp-content\/uploads\/2018\/07\/Sommerkonzert_2018_12.jpg\" title=\"\" rel=\"gallery1\"><img loading=\"lazy\" decoding=\"async\" src=\"https:\/\/www.stromberg-gymnasium.de\/wordpress\/wp-content\/uploads\/2018\/07\/Sommerkonzert_2018_12-300x200.jpg\" width=\"300\" height=\"200\" alt=\"\" \/><\/a>\r\n<\/div><\/figure><figure class=\"gallery-item\">\n<div class=\"gallery-icon\">\r\n<a href=\"https:\/\/www.stromberg-gymnasium.de\/wordpress\/wp-content\/uploads\/2018\/07\/Sommerkonzert_2018_13.jpg\" title=\"\" rel=\"gallery1\"><img loading=\"lazy\" decoding=\"async\" src=\"https:\/\/www.stromberg-gymnasium.de\/wordpress\/wp-content\/uploads\/2018\/07\/Sommerkonzert_2018_13-300x200.jpg\" width=\"300\" height=\"200\" alt=\"\" \/><\/a>\r\n<\/div><\/figure><figure class=\"gallery-item\">\n<div class=\"gallery-icon\">\r\n<a href=\"https:\/\/www.stromberg-gymnasium.de\/wordpress\/wp-content\/uploads\/2018\/07\/Sommerkonzert_2018_14.jpg\" title=\"\" rel=\"gallery1\"><img loading=\"lazy\" decoding=\"async\" src=\"https:\/\/www.stromberg-gymnasium.de\/wordpress\/wp-content\/uploads\/2018\/07\/Sommerkonzert_2018_14-300x200.jpg\" width=\"300\" height=\"200\" alt=\"\" \/><\/a>\r\n<\/div><\/figure><figure class=\"gallery-item\">\n<div class=\"gallery-icon\">\r\n<a href=\"https:\/\/www.stromberg-gymnasium.de\/wordpress\/wp-content\/uploads\/2018\/07\/Sommerkonzert_2018_15.jpg\" title=\"\" rel=\"gallery1\"><img loading=\"lazy\" decoding=\"async\" src=\"https:\/\/www.stromberg-gymnasium.de\/wordpress\/wp-content\/uploads\/2018\/07\/Sommerkonzert_2018_15-300x200.jpg\" width=\"300\" height=\"200\" alt=\"\" \/><\/a>\r\n<\/div><\/figure><figure class=\"gallery-item\">\n<div class=\"gallery-icon\">\r\n<a href=\"https:\/\/www.stromberg-gymnasium.de\/wordpress\/wp-content\/uploads\/2018\/07\/Sommerkonzert_2018_16.jpg\" title=\"\" rel=\"gallery1\"><img loading=\"lazy\" decoding=\"async\" src=\"https:\/\/www.stromberg-gymnasium.de\/wordpress\/wp-content\/uploads\/2018\/07\/Sommerkonzert_2018_16-300x200.jpg\" width=\"300\" height=\"200\" alt=\"\" \/><\/a>\r\n<\/div><\/figure><figure class=\"gallery-item\">\n<div class=\"gallery-icon\">\r\n<a href=\"https:\/\/www.stromberg-gymnasium.de\/wordpress\/wp-content\/uploads\/2018\/07\/Sommerkonzert_2018_17.jpg\" title=\"\" rel=\"gallery1\"><img loading=\"lazy\" decoding=\"async\" src=\"https:\/\/www.stromberg-gymnasium.de\/wordpress\/wp-content\/uploads\/2018\/07\/Sommerkonzert_2018_17-300x200.jpg\" width=\"300\" height=\"200\" alt=\"\" \/><\/a>\r\n<\/div><\/figure><figure class=\"gallery-item\">\n<div class=\"gallery-icon\">\r\n<a href=\"https:\/\/www.stromberg-gymnasium.de\/wordpress\/wp-content\/uploads\/2018\/07\/Sommerkonzert_2018_18.jpg\" title=\"\" rel=\"gallery1\"><img loading=\"lazy\" decoding=\"async\" src=\"https:\/\/www.stromberg-gymnasium.de\/wordpress\/wp-content\/uploads\/2018\/07\/Sommerkonzert_2018_18-300x200.jpg\" width=\"300\" height=\"200\" alt=\"\" \/><\/a>\r\n<\/div><\/figure>\r\n\t\t<\/div>\n\n<p>&nbsp;<\/p>\n","protected":false},"excerpt":{"rendered":"<p>Unter dem Motto \u201eWasser\u201c hatte das Stromberg-Gymnasium am vergangenen Freitag zum diesj\u00e4hrigen Sommerkonzert eingeladen und den zahlreichen Besuchern einen abwechslungsreichen musikalischen Abend pr\u00e4sentiert.<\/p>\n","protected":false},"author":1,"featured_media":23686,"comment_status":"closed","ping_status":"closed","sticky":false,"template":"","format":"standard","meta":{"footnotes":""},"categories":[4],"tags":[25],"class_list":["post-23681","post","type-post","status-publish","format-standard","has-post-thumbnail","hentry","category-veranstaltungen","tag-musik"],"_links":{"self":[{"href":"https:\/\/www.stromberg-gymnasium.de\/index.php?rest_route=\/wp\/v2\/posts\/23681","targetHints":{"allow":["GET"]}}],"collection":[{"href":"https:\/\/www.stromberg-gymnasium.de\/index.php?rest_route=\/wp\/v2\/posts"}],"about":[{"href":"https:\/\/www.stromberg-gymnasium.de\/index.php?rest_route=\/wp\/v2\/types\/post"}],"author":[{"embeddable":true,"href":"https:\/\/www.stromberg-gymnasium.de\/index.php?rest_route=\/wp\/v2\/users\/1"}],"replies":[{"embeddable":true,"href":"https:\/\/www.stromberg-gymnasium.de\/index.php?rest_route=%2Fwp%2Fv2%2Fcomments&post=23681"}],"version-history":[{"count":3,"href":"https:\/\/www.stromberg-gymnasium.de\/index.php?rest_route=\/wp\/v2\/posts\/23681\/revisions"}],"predecessor-version":[{"id":23702,"href":"https:\/\/www.stromberg-gymnasium.de\/index.php?rest_route=\/wp\/v2\/posts\/23681\/revisions\/23702"}],"wp:featuredmedia":[{"embeddable":true,"href":"https:\/\/www.stromberg-gymnasium.de\/index.php?rest_route=\/wp\/v2\/media\/23686"}],"wp:attachment":[{"href":"https:\/\/www.stromberg-gymnasium.de\/index.php?rest_route=%2Fwp%2Fv2%2Fmedia&parent=23681"}],"wp:term":[{"taxonomy":"category","embeddable":true,"href":"https:\/\/www.stromberg-gymnasium.de\/index.php?rest_route=%2Fwp%2Fv2%2Fcategories&post=23681"},{"taxonomy":"post_tag","embeddable":true,"href":"https:\/\/www.stromberg-gymnasium.de\/index.php?rest_route=%2Fwp%2Fv2%2Ftags&post=23681"}],"curies":[{"name":"wp","href":"https:\/\/api.w.org\/{rel}","templated":true}]}}