{"id":24966,"date":"2019-03-21T17:48:47","date_gmt":"2019-03-21T16:48:47","guid":{"rendered":"https:\/\/www.stromberg-gymnasium.de\/?p=24966"},"modified":"2019-03-21T17:48:49","modified_gmt":"2019-03-21T16:48:49","slug":"krise-aufbruch-umbruch","status":"publish","type":"post","link":"https:\/\/www.stromberg-gymnasium.de\/?p=24966","title":{"rendered":"Krise &#8211; Aufbruch &#8211; Umbruch"},"content":{"rendered":"\n<p>\u201e<em>So geht\u2019s nicht weiter.<\/em> Krisenstimmung\nnun auch beim Geschichtswettbewerb? Zum Gl\u00fcck nicht. Aber die Krise ist nicht\nnur in der aktuellen Nachrichtenlage scheinbar allgegenw\u00e4rtig. Krisen haben\nstets auch Geschichte gepr\u00e4gt. <em>So geht\u2019s nicht weiter. Krise, Umbruch,\nAufbruch<\/em>, so lautet deshalb der Titel der diesj\u00e4hrigen Spurensuche. Er\nm\u00f6chte anregen, sich dem Thema Krise historisch-kritisch zu n\u00e4hern: Was machen\nKrisen mit den Menschen? Aber vor allem auch: was machen Menschen in\nkrisenhaften Situationen? Wie agieren oder reagieren sie? Und wie engagieren\nsie sich, um die Krise zu \u00fcberwinden \u2013 f\u00fcr sich und f\u00fcr andere?\u201c Mit diesen\nWorten hat Bundespr\u00e4sident Frank-Walter Steinmeier den diesj\u00e4hrigen\nGeschichtswettbewerb der K\u00f6rber-Stiftung, der alle drei Jahre stattfindet,\ner\u00f6ffnet.<\/p>\n\n\n\n<p>Rund 40 Sch\u00fclerinnen und Sch\u00fcler der\nJahrgangsstufe 2 aus den Geschichtskursen von Frau Oehmichen und Frau Pfeil\nhaben sich zur Teilnahme am Wettbewerb entschieden. \u00dcber einen Zeitraum von\ninsgesamt 10 Wochen hinweg \u2013 der Einsendeschluss war der 28. Februar \u2013 haben\nsie sich mit dem Thema \u201eKrise\u201c besch\u00e4ftigt und vor Ort nach Spuren gesucht. Von\nder Themensuche \u00fcber die Literatur- und Quellenrecherche bis hin zur Auswertung\nder Materialien im Hinblick auf eine konkrete Forschungsfrage \u2013 der Wettbewerb\nvermittelte <strong>historisches Arbeiten<\/strong> und bot den Teilnehmerinnen\nund Teilnehmern die M\u00f6glichkeit<strong>, projektorientiert und selbstst\u00e4ndig<\/strong>\nzu arbeiten und ihre eigenen Ideen einzubringen.<\/p>\n\n\n\n<p>F\u00fcr den Wettbewerb wurden gleich zwei Arbeiten\neingereicht: Ein Teil der Sch\u00fclerinnen und Sch\u00fcler ging der Frage nach, welche\nSpuren der <strong>RAF-Terrorismus<\/strong> in Vaihingen und Umgebung\nhinterlassen hat, ein anderer Teil setzte sich mit den <strong>Vaihinger\nStadtbr\u00e4nden<\/strong> auseinander und begab sich damit ins 17. Jahrhundert\nzur\u00fcck. <\/p>\n\n\n\n<p>Als Ergebnisse des Projekts sind nun zwei sehr interessante Beitr\u00e4ge entstanden. Eine <strong><a href=\"https:\/\/nutstownwarrior.github.io\/rafkarte\/index.html\">interaktive Karte zu den Spuren des RAF-Terrorismus im Gro\u00dfraum Vaihingen\/Enz<\/a><\/strong>, bezogen auf das \u201eKrisenjahr 1977\u201c, bietet einen r\u00e4umlichen \u00dcberblick \u00fcber die Auswirkungen des RAF-Terrorismus und gibt einen informativen Einblick in den historischen Kontext.Der zweite Beitrag ist ein <strong><a href=\"https:\/\/www.stromberg-gymnasium.de\/wordpress\/wp-content\/uploads\/2019\/03\/Flyer-Endergebnis-mit-Bildern-1.pdf\">mehrseitiger Info-Flyer zu den Stadtbr\u00e4nden in Vaihingen\/Enz im 17. Jahrhundert<\/a><\/strong>, der interessierte Besucher der Stadt mit auf einen Rundgang zu Geb\u00e4uden der Stadt nimmt, deren Geschichte mit den Stadtbr\u00e4nden verbunden ist. Kurze Infotexte im Flyer erl\u00e4utern den Besuchern die Zusammenh\u00e4nge. \u00dcber die App \u201eWhereIgo\u201c sind im Verlauf des Rundgangs zus\u00e4tzliche Informationen und Hintergr\u00fcnde direkt vor Ort abrufbar. <\/p>\n\n\n\n<p>Das Experiment des projektorientierten Arbeitens hat sich f\u00fcr die meisten teilnehmenden Sch\u00fclerinnen und Sch\u00fcler r\u00fcckblickend gelohnt, auch wenn in der Auswertungsrunde deutlich wurde, dass nicht immer alles rund gelaufen ist: Fristen wurden nicht immer von allen eingehalten, Recherchen f\u00fchrten nicht immer zum erwarteten Ergebnis, und w\u00e4hrend die Gruppe, die zur RAF gearbeitet hat, zuweilen Schwierigkeiten hatte, angesichts der F\u00fclle an Quellen und Materialien den \u00dcberblick zu behalten, musste die andere Gruppe mit der logischerweise eher d\u00fcrftigen Quellenlage zu den Vaihinger Stadtbr\u00e4nden zurechtkommen. Nichtsdestotrotz war die Archivarbeit f\u00fcr die meisten ein Highlight: \u201eIch fand es spannend, mit \u00e4lteren Quellen zu arbeiten und die einzelnen Quellentexte zusammenzuf\u00fcgen; so ist ein Bild von der damaligen Situation entstanden\u201c, erkl\u00e4rt eine Teilnehmerin. Andere heben wiederum den lockeren Rahmen und das Arbeiten auf Augenh\u00f6he bei der Projektarbeit hervor. Spannend fanden die Sch\u00fclerinnen und Sch\u00fcler, die zur Geschichte der RAF in der Region gearbeitet haben, auch die Interviews mit Zeitzeugen, etwa mit dem ehemaligen baden-w\u00fcrttembergischen Generalstaatsanwalt Klaus Pflieger, der der Projektgruppe in einem zweist\u00fcndigen Gespr\u00e4ch lebendige Einblicke sowohl in seine professionellen Erfahrungen, als auch in seine pers\u00f6nliche Wahrnehmung der Geschehnisse vermitteln konnte. Wir bedanken uns bei allen, die dieses Projekt unterst\u00fctzt haben und warten nun gespannt auf die Ergebnisse der Bewertung durch die Fachjury des Wettbewerbs Ende Mai. <\/p>\n\n\n\n<ul class=\"wp-block-gallery columns-3 is-cropped wp-block-gallery-1 is-layout-flex wp-block-gallery-is-layout-flex\"><li class=\"blocks-gallery-item\"><figure><img loading=\"lazy\" decoding=\"async\" width=\"943\" height=\"717\" src=\"https:\/\/www.stromberg-gymnasium.de\/wordpress\/wp-content\/uploads\/2019\/03\/Vaihinger-Ratsbuch-aus-dem-17.Jahrhundert.jpg\" alt=\"\" data-id=\"24967\" data-link=\"https:\/\/www.stromberg-gymnasium.de\/?attachment_id=24967\" class=\"wp-image-24967\" srcset=\"https:\/\/www.stromberg-gymnasium.de\/wordpress\/wp-content\/uploads\/2019\/03\/Vaihinger-Ratsbuch-aus-dem-17.Jahrhundert.jpg 943w, https:\/\/www.stromberg-gymnasium.de\/wordpress\/wp-content\/uploads\/2019\/03\/Vaihinger-Ratsbuch-aus-dem-17.Jahrhundert-300x228.jpg 300w, https:\/\/www.stromberg-gymnasium.de\/wordpress\/wp-content\/uploads\/2019\/03\/Vaihinger-Ratsbuch-aus-dem-17.Jahrhundert-768x584.jpg 768w, https:\/\/www.stromberg-gymnasium.de\/wordpress\/wp-content\/uploads\/2019\/03\/Vaihinger-Ratsbuch-aus-dem-17.Jahrhundert-355x270.jpg 355w\" sizes=\"auto, (max-width: 943px) 100vw, 943px\" \/><figcaption>Vaihinger Ratsbuch aus dem 17. Jahrhundert<\/figcaption><\/figure><\/li><li class=\"blocks-gallery-item\"><figure><img loading=\"lazy\" decoding=\"async\" width=\"423\" height=\"896\" src=\"https:\/\/www.stromberg-gymnasium.de\/wordpress\/wp-content\/uploads\/2019\/03\/Recherche-am-Mikrofilmger\u00e4t.png\" alt=\"\" data-id=\"24968\" data-link=\"https:\/\/www.stromberg-gymnasium.de\/?attachment_id=24968\" class=\"wp-image-24968\" srcset=\"https:\/\/www.stromberg-gymnasium.de\/wordpress\/wp-content\/uploads\/2019\/03\/Recherche-am-Mikrofilmger\u00e4t.png 423w, https:\/\/www.stromberg-gymnasium.de\/wordpress\/wp-content\/uploads\/2019\/03\/Recherche-am-Mikrofilmger\u00e4t-142x300.png 142w, https:\/\/www.stromberg-gymnasium.de\/wordpress\/wp-content\/uploads\/2019\/03\/Recherche-am-Mikrofilmger\u00e4t-127x270.png 127w\" sizes=\"auto, (max-width: 423px) 100vw, 423px\" \/><figcaption>Recherche am Mikrofilmger\u00e4t<\/figcaption><\/figure><\/li><li class=\"blocks-gallery-item\"><figure><img loading=\"lazy\" decoding=\"async\" width=\"689\" height=\"886\" src=\"https:\/\/www.stromberg-gymnasium.de\/wordpress\/wp-content\/uploads\/2019\/03\/Recherche-in-alten-Ausgaben-derVKZ.jpg\" alt=\"\" data-id=\"24969\" data-link=\"https:\/\/www.stromberg-gymnasium.de\/?attachment_id=24969\" class=\"wp-image-24969\" srcset=\"https:\/\/www.stromberg-gymnasium.de\/wordpress\/wp-content\/uploads\/2019\/03\/Recherche-in-alten-Ausgaben-derVKZ.jpg 689w, https:\/\/www.stromberg-gymnasium.de\/wordpress\/wp-content\/uploads\/2019\/03\/Recherche-in-alten-Ausgaben-derVKZ-233x300.jpg 233w, https:\/\/www.stromberg-gymnasium.de\/wordpress\/wp-content\/uploads\/2019\/03\/Recherche-in-alten-Ausgaben-derVKZ-210x270.jpg 210w\" sizes=\"auto, (max-width: 689px) 100vw, 689px\" \/><figcaption>Recherche in alten Ausgaben der VKZ<\/figcaption><\/figure><\/li><\/ul>\n","protected":false},"excerpt":{"rendered":"<p>Abiturienten nehmen am Geschichtswettbewerb des Bundespr\u00e4sidenten teil und erarbeiten interessante Ergebnisse<\/p>\n","protected":false},"author":1,"featured_media":24970,"comment_status":"closed","ping_status":"closed","sticky":false,"template":"","format":"standard","meta":{"footnotes":""},"categories":[6],"tags":[34],"class_list":["post-24966","post","type-post","status-publish","format-standard","has-post-thumbnail","hentry","category-unterricht","tag-geschichte"],"_links":{"self":[{"href":"https:\/\/www.stromberg-gymnasium.de\/index.php?rest_route=\/wp\/v2\/posts\/24966","targetHints":{"allow":["GET"]}}],"collection":[{"href":"https:\/\/www.stromberg-gymnasium.de\/index.php?rest_route=\/wp\/v2\/posts"}],"about":[{"href":"https:\/\/www.stromberg-gymnasium.de\/index.php?rest_route=\/wp\/v2\/types\/post"}],"author":[{"embeddable":true,"href":"https:\/\/www.stromberg-gymnasium.de\/index.php?rest_route=\/wp\/v2\/users\/1"}],"replies":[{"embeddable":true,"href":"https:\/\/www.stromberg-gymnasium.de\/index.php?rest_route=%2Fwp%2Fv2%2Fcomments&post=24966"}],"version-history":[{"count":2,"href":"https:\/\/www.stromberg-gymnasium.de\/index.php?rest_route=\/wp\/v2\/posts\/24966\/revisions"}],"predecessor-version":[{"id":24974,"href":"https:\/\/www.stromberg-gymnasium.de\/index.php?rest_route=\/wp\/v2\/posts\/24966\/revisions\/24974"}],"wp:featuredmedia":[{"embeddable":true,"href":"https:\/\/www.stromberg-gymnasium.de\/index.php?rest_route=\/wp\/v2\/media\/24970"}],"wp:attachment":[{"href":"https:\/\/www.stromberg-gymnasium.de\/index.php?rest_route=%2Fwp%2Fv2%2Fmedia&parent=24966"}],"wp:term":[{"taxonomy":"category","embeddable":true,"href":"https:\/\/www.stromberg-gymnasium.de\/index.php?rest_route=%2Fwp%2Fv2%2Fcategories&post=24966"},{"taxonomy":"post_tag","embeddable":true,"href":"https:\/\/www.stromberg-gymnasium.de\/index.php?rest_route=%2Fwp%2Fv2%2Ftags&post=24966"}],"curies":[{"name":"wp","href":"https:\/\/api.w.org\/{rel}","templated":true}]}}