{"id":25058,"date":"2019-04-01T12:00:46","date_gmt":"2019-04-01T10:00:46","guid":{"rendered":"https:\/\/www.stromberg-gymnasium.de\/?p=25058"},"modified":"2019-03-29T18:27:33","modified_gmt":"2019-03-29T17:27:33","slug":"delfstromberg-2","status":"publish","type":"post","link":"https:\/\/www.stromberg-gymnasium.de\/?p=25058","title":{"rendered":"DELF@stromberg"},"content":{"rendered":"\n<div class=\"wp-block-image\"><figure class=\"alignright is-resized\"><img loading=\"lazy\" decoding=\"async\" src=\"https:\/\/www.stromberg-gymnasium.de\/wordpress\/wp-content\/uploads\/2019\/03\/delf_logo_alternative2.jpg\" alt=\"\" class=\"wp-image-25065\" width=\"164\" height=\"153\"\/><\/figure><\/div>\n\n\n\n<p>Der schulinterne Anmeldeschluss f\u00fcr Sch\u00fclerinnen und Sch\u00fcler der Klassenstufen 7 bis 9 sowie der Kursstufe r\u00fcckt n\u00e4her.<br>Interessierte k\u00f6nnen sich per E-Mail bis zum Freitag, 12. April 2019 bei Frau F\u00f6rnzler oder Frau Fink melden. Die Anmeldung f\u00fcr die m\u00fcndliche Pr\u00fcfung des Pilotierungsprojekts &#8222;DELF in Kl. 10&#8220; erfolgt innerhalb des Franz\u00f6sischunterrichts.<\/p>\n\n\n\n<p>Weitere Informationen befinden sich <a href=\"https:\/\/www.stromberg-gymnasium.de\/wordpress\/wp-content\/uploads\/2019\/02\/DELF-Infos-Homepage-2_2019.pdf\"><strong>hier<\/strong><\/a>. <\/p>\n","protected":false},"excerpt":{"rendered":"<p>Der schulinterne Anmeldeschluss f\u00fcr Sch\u00fclerinnen und Sch\u00fcler der Klassenstufen 7 bis 9 sowie der Kursstufe r\u00fcckt n\u00e4her.Interessierte k\u00f6nnen sich per E-Mail bis zum Freitag, 12. April 2019 bei Frau F\u00f6rnzler oder Frau Fink melden. Die Anmeldung f\u00fcr die m\u00fcndliche Pr\u00fcfung <a href=\"https:\/\/www.stromberg-gymnasium.de\/?p=25058\" class=\"read-more\">Weiterlesen<\/a><\/p>\n","protected":false},"author":1,"featured_media":25063,"comment_status":"closed","ping_status":"closed","sticky":false,"template":"","format":"standard","meta":{"footnotes":""},"categories":[1],"tags":[32,29],"class_list":["post-25058","post","type-post","status-publish","format-standard","has-post-thumbnail","hentry","category-allgemein","tag-delf","tag-franzoesisch"],"_links":{"self":[{"href":"https:\/\/www.stromberg-gymnasium.de\/index.php?rest_route=\/wp\/v2\/posts\/25058","targetHints":{"allow":["GET"]}}],"collection":[{"href":"https:\/\/www.stromberg-gymnasium.de\/index.php?rest_route=\/wp\/v2\/posts"}],"about":[{"href":"https:\/\/www.stromberg-gymnasium.de\/index.php?rest_route=\/wp\/v2\/types\/post"}],"author":[{"embeddable":true,"href":"https:\/\/www.stromberg-gymnasium.de\/index.php?rest_route=\/wp\/v2\/users\/1"}],"replies":[{"embeddable":true,"href":"https:\/\/www.stromberg-gymnasium.de\/index.php?rest_route=%2Fwp%2Fv2%2Fcomments&post=25058"}],"version-history":[{"count":5,"href":"https:\/\/www.stromberg-gymnasium.de\/index.php?rest_route=\/wp\/v2\/posts\/25058\/revisions"}],"predecessor-version":[{"id":25067,"href":"https:\/\/www.stromberg-gymnasium.de\/index.php?rest_route=\/wp\/v2\/posts\/25058\/revisions\/25067"}],"wp:featuredmedia":[{"embeddable":true,"href":"https:\/\/www.stromberg-gymnasium.de\/index.php?rest_route=\/wp\/v2\/media\/25063"}],"wp:attachment":[{"href":"https:\/\/www.stromberg-gymnasium.de\/index.php?rest_route=%2Fwp%2Fv2%2Fmedia&parent=25058"}],"wp:term":[{"taxonomy":"category","embeddable":true,"href":"https:\/\/www.stromberg-gymnasium.de\/index.php?rest_route=%2Fwp%2Fv2%2Fcategories&post=25058"},{"taxonomy":"post_tag","embeddable":true,"href":"https:\/\/www.stromberg-gymnasium.de\/index.php?rest_route=%2Fwp%2Fv2%2Ftags&post=25058"}],"curies":[{"name":"wp","href":"https:\/\/api.w.org\/{rel}","templated":true}]}}