{"id":25296,"date":"2019-06-03T07:00:37","date_gmt":"2019-06-03T05:00:37","guid":{"rendered":"https:\/\/www.stromberg-gymnasium.de\/?p=25296"},"modified":"2019-05-31T20:38:41","modified_gmt":"2019-05-31T18:38:41","slug":"countdown-2030-2063-and-beyond-our-common-future","status":"publish","type":"post","link":"https:\/\/www.stromberg-gymnasium.de\/?p=25296","title":{"rendered":"Countdown 2030, 2063 and beyond: Our common future"},"content":{"rendered":"\n<p>\u00dcberall auf der Welt erheben junge Menschen gerade ihre Stimme und fordert ihr Recht auf eine klimagerechte und nachhaltig lebenswerte Welt ein. Wenn du auch mitreden willst, hast du Anfang Dezember 2019 die einmalige Gelegenheit, an einer mehrt\u00e4gigen internationalen Jugendkonferenz in K\u00f6ln teilzunehmen.Jugend-Orga-Teams aus Deutschland, Benin und S\u00fcdafrika bereiten das Event bereits seit \u00fcber einem Jahr gemeinsam vor &#8211; im deutschen Jugend-Orga-Team ist das Stromberg-Gymnasium mit Caprice Meyer und Maxim Schipko (J1) gleich doppelt vertreten! <\/p>\n\n\n\n<p>Hier findest du mehr Infos zur Konferenz und den Macher*innen:\u00a0<a rel=\"noreferrer noopener\" href=\"https:\/\/mbox1.belwue.de\/SRedirect\/B1E4A4A6\/countdown2030.net\/\" target=\"_blank\">https:\/\/countdown2030.net\/<\/a><\/p>\n\n\n\n<p style=\"text-align:right\"><em>Bericht: Nora Oehmichen<\/em><\/p>\n\n\n\n<ul class=\"wp-block-gallery columns-2 is-cropped wp-block-gallery-1 is-layout-flex wp-block-gallery-is-layout-flex\"><li class=\"blocks-gallery-item\"><figure><img loading=\"lazy\" decoding=\"async\" width=\"1000\" height=\"667\" src=\"https:\/\/www.stromberg-gymnasium.de\/wordpress\/wp-content\/uploads\/2019\/05\/Die-Konferenz-wird-von-Bridge-itin-Kooperation-mit-der-DAJ-Deutsch-afrikanische-Jugendinitiativeorganisiert.jpg\" alt=\"\" data-id=\"25297\" data-link=\"https:\/\/www.stromberg-gymnasium.de\/?attachment_id=25297\" class=\"wp-image-25297\" srcset=\"https:\/\/www.stromberg-gymnasium.de\/wordpress\/wp-content\/uploads\/2019\/05\/Die-Konferenz-wird-von-Bridge-itin-Kooperation-mit-der-DAJ-Deutsch-afrikanische-Jugendinitiativeorganisiert.jpg 1000w, https:\/\/www.stromberg-gymnasium.de\/wordpress\/wp-content\/uploads\/2019\/05\/Die-Konferenz-wird-von-Bridge-itin-Kooperation-mit-der-DAJ-Deutsch-afrikanische-Jugendinitiativeorganisiert-300x200.jpg 300w, https:\/\/www.stromberg-gymnasium.de\/wordpress\/wp-content\/uploads\/2019\/05\/Die-Konferenz-wird-von-Bridge-itin-Kooperation-mit-der-DAJ-Deutsch-afrikanische-Jugendinitiativeorganisiert-768x512.jpg 768w, https:\/\/www.stromberg-gymnasium.de\/wordpress\/wp-content\/uploads\/2019\/05\/Die-Konferenz-wird-von-Bridge-itin-Kooperation-mit-der-DAJ-Deutsch-afrikanische-Jugendinitiativeorganisiert-360x240.jpg 360w\" sizes=\"auto, (max-width: 1000px) 100vw, 1000px\" \/><figcaption><br>Die Konferenz wird von Bridge-it! in Kooperation mit der DAJ (Deutsch-afrikanische Jugendinitiative) organisiert<\/figcaption><\/figure><\/li><li class=\"blocks-gallery-item\"><figure><img loading=\"lazy\" decoding=\"async\" width=\"1000\" height=\"667\" src=\"https:\/\/www.stromberg-gymnasium.de\/wordpress\/wp-content\/uploads\/2019\/05\/Konferenzvorbereitungen-auf-derChange-Agents-Tagung-im-Mai-1.jpg\" alt=\"\" data-id=\"25298\" data-link=\"https:\/\/www.stromberg-gymnasium.de\/?attachment_id=25298\" class=\"wp-image-25298\" srcset=\"https:\/\/www.stromberg-gymnasium.de\/wordpress\/wp-content\/uploads\/2019\/05\/Konferenzvorbereitungen-auf-derChange-Agents-Tagung-im-Mai-1.jpg 1000w, https:\/\/www.stromberg-gymnasium.de\/wordpress\/wp-content\/uploads\/2019\/05\/Konferenzvorbereitungen-auf-derChange-Agents-Tagung-im-Mai-1-300x200.jpg 300w, https:\/\/www.stromberg-gymnasium.de\/wordpress\/wp-content\/uploads\/2019\/05\/Konferenzvorbereitungen-auf-derChange-Agents-Tagung-im-Mai-1-768x512.jpg 768w, https:\/\/www.stromberg-gymnasium.de\/wordpress\/wp-content\/uploads\/2019\/05\/Konferenzvorbereitungen-auf-derChange-Agents-Tagung-im-Mai-1-360x240.jpg 360w\" sizes=\"auto, (max-width: 1000px) 100vw, 1000px\" \/><figcaption>Konferenzvorbereitungen auf der Change Agents Tagung im Mai<\/figcaption><\/figure><\/li><\/ul>\n","protected":false},"excerpt":{"rendered":"<p>\u00dcberall auf der Welt erheben junge Menschen gerade ihre Stimme und fordert ihr Recht auf eine klimagerechte und nachhaltig lebenswerte Welt ein. Wenn du auch mitreden willst, hast du Anfang Dezember 2019 die einmalige Gelegenheit, an einer mehrt\u00e4gigen internationalen Jugendkonferenz <a href=\"https:\/\/www.stromberg-gymnasium.de\/?p=25296\" class=\"read-more\">Weiterlesen<\/a><\/p>\n","protected":false},"author":1,"featured_media":25299,"comment_status":"closed","ping_status":"closed","sticky":false,"template":"","format":"standard","meta":{"footnotes":""},"categories":[4],"tags":[27],"class_list":["post-25296","post","type-post","status-publish","format-standard","has-post-thumbnail","hentry","category-veranstaltungen","tag-globales-lernen"],"_links":{"self":[{"href":"https:\/\/www.stromberg-gymnasium.de\/index.php?rest_route=\/wp\/v2\/posts\/25296","targetHints":{"allow":["GET"]}}],"collection":[{"href":"https:\/\/www.stromberg-gymnasium.de\/index.php?rest_route=\/wp\/v2\/posts"}],"about":[{"href":"https:\/\/www.stromberg-gymnasium.de\/index.php?rest_route=\/wp\/v2\/types\/post"}],"author":[{"embeddable":true,"href":"https:\/\/www.stromberg-gymnasium.de\/index.php?rest_route=\/wp\/v2\/users\/1"}],"replies":[{"embeddable":true,"href":"https:\/\/www.stromberg-gymnasium.de\/index.php?rest_route=%2Fwp%2Fv2%2Fcomments&post=25296"}],"version-history":[{"count":2,"href":"https:\/\/www.stromberg-gymnasium.de\/index.php?rest_route=\/wp\/v2\/posts\/25296\/revisions"}],"predecessor-version":[{"id":25301,"href":"https:\/\/www.stromberg-gymnasium.de\/index.php?rest_route=\/wp\/v2\/posts\/25296\/revisions\/25301"}],"wp:featuredmedia":[{"embeddable":true,"href":"https:\/\/www.stromberg-gymnasium.de\/index.php?rest_route=\/wp\/v2\/media\/25299"}],"wp:attachment":[{"href":"https:\/\/www.stromberg-gymnasium.de\/index.php?rest_route=%2Fwp%2Fv2%2Fmedia&parent=25296"}],"wp:term":[{"taxonomy":"category","embeddable":true,"href":"https:\/\/www.stromberg-gymnasium.de\/index.php?rest_route=%2Fwp%2Fv2%2Fcategories&post=25296"},{"taxonomy":"post_tag","embeddable":true,"href":"https:\/\/www.stromberg-gymnasium.de\/index.php?rest_route=%2Fwp%2Fv2%2Ftags&post=25296"}],"curies":[{"name":"wp","href":"https:\/\/api.w.org\/{rel}","templated":true}]}}