{"id":27301,"date":"2020-11-25T18:19:25","date_gmt":"2020-11-25T17:19:25","guid":{"rendered":"https:\/\/www.stromberg-gymnasium.de\/?p=27301"},"modified":"2020-11-25T18:19:27","modified_gmt":"2020-11-25T17:19:27","slug":"widerstand-resistance-ein-faecheruebergreifendes-projekt-zum-volkstrauertag","status":"publish","type":"post","link":"https:\/\/www.stromberg-gymnasium.de\/?p=27301","title":{"rendered":"\u201eWiderstand \u2013 R\u00e9sistance\u201c \u2013 ein f\u00e4cher\u00fcbergreifendes Projekt zum Volkstrauertag"},"content":{"rendered":"\n<p>F\u00fcr einen Auftrag nimmt der j\u00fcdische Schauspieler Marcel Marceau die M\u00e9tro, einmal quer durch Paris. Dann, pl\u00f6tzlich, am dritten Halt, besteigen Uniformierte die Bahn. Deutsche, Gestapo. Passkontrolle! Vos papiers! <em>\u201eIch versuche meinen Atem unter Kontrolle zu bekommen. Du bist nicht umsonst Pantomime, herrsche ich mich innerlich an.\u201c<\/em> Zu gro\u00df ist seine Angst entdeckt zu werden, nachdem er im nicht von den Deutschen besetzten S\u00fcden Frankreichs mitgeholfen hatte, j\u00fcdische Waisenkinder zu verstecken und sie so vor der Deportation zu bewahren.<\/p>\n\n\n\n<p>Marcel Marceau ist einer der acht deutschen und franz\u00f6sischen Widerstandsk\u00e4mpfer*innen des Zweiten Weltkriegs, die im Mittelpunkt des f\u00e4cher\u00fcbergreifenden Projekts der Klasse 10b standen. Die Aufgabe der Jugendlichen war es, sich, ausgehend von historischen Quellen, in die Rolle der Widerstandsk\u00e4mpfer*innen hinein zu versetzen und dramatische, emotionale und auch k\u00e4mpferische Momente in deren Biographie nachzuvollziehen. Da ist zum Beispiel die Ethnologin Germaine Tillion, die, in einer Kleiderkiste vor den Aufseherinnen versteckt, im Konzentrationslager Ravensbr\u00fcck Tagebuch schreibt, um Zeugnis abzulegen. Oder der Azubi Walter Klingenbeck aus M\u00fcnchen, der zusammen mit zwei weiteren Mitstreitern \u201eFeindsender\u201c h\u00f6rt und der Aufforderung der BBC folgt, Stra\u00dfenschilder mit dem Buchstaben \u201eV\u201c f\u00fcr \u201eVictory\u201c zu bemalen, als Zeichen f\u00fcr den bevorstehenden Sieg der Alliierten. Oder der franz\u00f6sische Journalist Jean Texcier, der an seinen nach London emigrierten Freund und BBC-Mitarbeiter Maurice Schumann einen Brief schreibt. Wenn dieser seine Flugbl\u00e4tter zum Thema in einer seiner Radioansprachen machen w\u00fcrde, w\u00fcrden mit einem Schlag noch viel mehr Menschen davon Notiz nehmen! Oder Marie Terwiel, Mitglied eines Spionage-Netzwerks, das von den Nazis unter dem Decknamen \u201eRote Kappelle\u201c gef\u00fchrt wurde: Sie unterst\u00fctzte j\u00fcdische Mitb\u00fcrger*innen ganz unmittelbar, indem sie ihnen \u2013 verbotenerweise \u2013 Lebensmittelkarten zusteckte.<\/p>\n\n\n\n<p><em>\u201eGanz bewusst haben wir vor allem weniger bekannte Widerstandsk\u00e4mpfer*innen f\u00fcr das Projekt ausgew\u00e4hlt\u201c<\/em>, so die projektbetreuenden Lehrkr\u00e4fte Nora Oehmichen (Geschichte) und Michael Hofer (Franz\u00f6sisch). Im Laufe des Projekts wurde so deutlich, dass Widerstand in vielen F\u00e4llen in eher kleinen, unspektakul\u00e4ren Hilfeleistungen f\u00fcr Verfolgte des NS-Regimes bestand, die ebenso konkrete Akte der Rebellion gegen die staatliche \u00dcbermacht waren wie die Versuche, der Gewaltherrschaft durch Akte der Gewalt ein Ende zu setzen, wie dies etwa der Kreis um Stauffenberg am 20. Juli 1944 versucht hatte.<\/p>\n\n\n\n<p>Auch wenn viele Aktionen des Widerstands entdeckt wurden und die Widerstandsk\u00e4mpfer*innen dies h\u00e4ufig nicht \u00fcberlebt haben, machten die teilnehmenden Sch\u00fcler*innen deutlich, dass auch dieser Widerstand nicht sinnlos war: \u201eEs war wichtig, dass Menschen im Nationalsozialismus Widerstand geleistet haben, da dadurch das diktatorische Regime geschw\u00e4cht wurde und Menschen, die ebenfalls regimekritisch eingestellt waren, Hoffnung auf ein Ende der Gewaltherrschaft sch\u00f6pfen konnten<em>\u201c, <\/em>\u00e4u\u00dferte sich eine Sch\u00fclerin in der Abschlussreflexion. Deutlich wurde abschlie\u00dfend auch, dass das Thema Widerstand nicht nur eine Angelegenheit des Gestern ist und sich nicht nur auf Diktaturen beschr\u00e4nkt. Vielmehr stellt ziviler Widerstand angesichts von Menschenrechtsverletzungen oder der Klimakrise auch einen wesentlichen Baustein einer lebendigen Demokratie dar.<\/p>\n\n\n\n<p>Urspr\u00fcngliches Ziel des Projekts war eine Performance im Rahmen der Feierlichkeiten zum Volkstrauertag am 15.11.2020, veranstaltet durch den Volksbund deutscher Kriegsgr\u00e4berf\u00fcrsorge im Neuen Schloss in Stuttgart. Am Volkstrauertag wird allj\u00e4hrlich der Opfer von Terror und Gewaltherrschaft gedacht. Da der Auftritt coronabedingt entfallen musste, wurde nun im Auftrag des Volksbunds ein Film mit den f\u00fcr die Feierstunde geplanten Beitr\u00e4gen produziert, den Sie <strong><u><a href=\"https:\/\/vimeo.com\/478870165\">hier<\/a><\/u> <\/strong>aufrufen k\u00f6nnen. Den Beitrag der Sch\u00fclerinnen und Sch\u00fcler des Stromberg-Gymnasiums finden Sie ab Minute 17:40. Ein Padlet mit den Portr\u00e4ts der insgesamt acht Widerstandsk\u00e4mper*innen ist aus Datenschutzgr\u00fcnden nur im Moodleraum der Klasse 10b, sowie im Moodle-Lehrerzimmer einsehbar.<\/p>\n\n\n\n<p class=\"has-text-align-right\"><em>Text\/Fotos: Michael Hofer \/ Nora Oehmichen<\/em><\/p>\n\n\n\n<p><strong>Standbilder der Sch\u00fcler*innen<\/strong><\/p>\n\n\n\n<figure class=\"wp-block-gallery columns-3 is-cropped wp-block-gallery-1 is-layout-flex wp-block-gallery-is-layout-flex\"><ul class=\"blocks-gallery-grid\"><li class=\"blocks-gallery-item\"><figure><img loading=\"lazy\" decoding=\"async\" width=\"1000\" height=\"750\" src=\"https:\/\/www.stromberg-gymnasium.de\/wordpress\/wp-content\/uploads\/2020\/11\/Dort-geht-es-zum-Zug-der-Max-Stahl-an-die-Ostfront-bringt1.jpg\" alt=\"\" data-id=\"27302\" data-full-url=\"https:\/\/www.stromberg-gymnasium.de\/wordpress\/wp-content\/uploads\/2020\/11\/Dort-geht-es-zum-Zug-der-Max-Stahl-an-die-Ostfront-bringt1.jpg\" data-link=\"https:\/\/www.stromberg-gymnasium.de\/?attachment_id=27302\" class=\"wp-image-27302\" srcset=\"https:\/\/www.stromberg-gymnasium.de\/wordpress\/wp-content\/uploads\/2020\/11\/Dort-geht-es-zum-Zug-der-Max-Stahl-an-die-Ostfront-bringt1.jpg 1000w, https:\/\/www.stromberg-gymnasium.de\/wordpress\/wp-content\/uploads\/2020\/11\/Dort-geht-es-zum-Zug-der-Max-Stahl-an-die-Ostfront-bringt1-300x225.jpg 300w, https:\/\/www.stromberg-gymnasium.de\/wordpress\/wp-content\/uploads\/2020\/11\/Dort-geht-es-zum-Zug-der-Max-Stahl-an-die-Ostfront-bringt1-768x576.jpg 768w, https:\/\/www.stromberg-gymnasium.de\/wordpress\/wp-content\/uploads\/2020\/11\/Dort-geht-es-zum-Zug-der-Max-Stahl-an-die-Ostfront-bringt1-360x270.jpg 360w\" sizes=\"auto, (max-width: 1000px) 100vw, 1000px\" \/><figcaption class=\"blocks-gallery-item__caption\">Dort geht es zum Zug, der Max Stahl an die Ostfront bringt!<\/figcaption><\/figure><\/li><li class=\"blocks-gallery-item\"><figure><img loading=\"lazy\" decoding=\"async\" width=\"750\" height=\"1000\" src=\"https:\/\/www.stromberg-gymnasium.de\/wordpress\/wp-content\/uploads\/2020\/11\/Jean-Texcier-uebergibt-einem-Passanten-auf-der-Strasse-heimlich-eines-seiner-Flugblaetter.2.jpg\" alt=\"\" data-id=\"27303\" data-full-url=\"https:\/\/www.stromberg-gymnasium.de\/wordpress\/wp-content\/uploads\/2020\/11\/Jean-Texcier-uebergibt-einem-Passanten-auf-der-Strasse-heimlich-eines-seiner-Flugblaetter.2.jpg\" data-link=\"https:\/\/www.stromberg-gymnasium.de\/?attachment_id=27303\" class=\"wp-image-27303\" srcset=\"https:\/\/www.stromberg-gymnasium.de\/wordpress\/wp-content\/uploads\/2020\/11\/Jean-Texcier-uebergibt-einem-Passanten-auf-der-Strasse-heimlich-eines-seiner-Flugblaetter.2.jpg 750w, https:\/\/www.stromberg-gymnasium.de\/wordpress\/wp-content\/uploads\/2020\/11\/Jean-Texcier-uebergibt-einem-Passanten-auf-der-Strasse-heimlich-eines-seiner-Flugblaetter.2-225x300.jpg 225w, https:\/\/www.stromberg-gymnasium.de\/wordpress\/wp-content\/uploads\/2020\/11\/Jean-Texcier-uebergibt-einem-Passanten-auf-der-Strasse-heimlich-eines-seiner-Flugblaetter.2-203x270.jpg 203w\" sizes=\"auto, (max-width: 750px) 100vw, 750px\" \/><figcaption class=\"blocks-gallery-item__caption\">Jean Texcier \u00fcbergibt einem Passanten auf der Stra\u00dfe heimlich eines seiner Flugbl\u00e4tter.<\/figcaption><\/figure><\/li><li class=\"blocks-gallery-item\"><figure><img loading=\"lazy\" decoding=\"async\" width=\"750\" height=\"1000\" src=\"https:\/\/www.stromberg-gymnasium.de\/wordpress\/wp-content\/uploads\/2020\/11\/Lilo-Hermann-wird-in-Berlin-hingerichtet-als-erste-Mutter-im-Widerstand-gegen-das-NS-Regime.3.jpg\" alt=\"\" data-id=\"27304\" data-full-url=\"https:\/\/www.stromberg-gymnasium.de\/wordpress\/wp-content\/uploads\/2020\/11\/Lilo-Hermann-wird-in-Berlin-hingerichtet-als-erste-Mutter-im-Widerstand-gegen-das-NS-Regime.3.jpg\" data-link=\"https:\/\/www.stromberg-gymnasium.de\/?attachment_id=27304\" class=\"wp-image-27304\" srcset=\"https:\/\/www.stromberg-gymnasium.de\/wordpress\/wp-content\/uploads\/2020\/11\/Lilo-Hermann-wird-in-Berlin-hingerichtet-als-erste-Mutter-im-Widerstand-gegen-das-NS-Regime.3.jpg 750w, https:\/\/www.stromberg-gymnasium.de\/wordpress\/wp-content\/uploads\/2020\/11\/Lilo-Hermann-wird-in-Berlin-hingerichtet-als-erste-Mutter-im-Widerstand-gegen-das-NS-Regime.3-225x300.jpg 225w, https:\/\/www.stromberg-gymnasium.de\/wordpress\/wp-content\/uploads\/2020\/11\/Lilo-Hermann-wird-in-Berlin-hingerichtet-als-erste-Mutter-im-Widerstand-gegen-das-NS-Regime.3-203x270.jpg 203w\" sizes=\"auto, (max-width: 750px) 100vw, 750px\" \/><figcaption class=\"blocks-gallery-item__caption\">Lilo Hermann wird in Berlin hingerichtet &#8211; als erste Mutter im Widerstand gegen das NS-Regime.<\/figcaption><\/figure><\/li><li class=\"blocks-gallery-item\"><figure><img loading=\"lazy\" decoding=\"async\" width=\"750\" height=\"1000\" src=\"https:\/\/www.stromberg-gymnasium.de\/wordpress\/wp-content\/uploads\/2020\/11\/Marie-Terwiel-steckt-einer-juedischen-Frau-eine-Lebensmittelkarte-zu.4.jpg\" alt=\"\" data-id=\"27305\" data-full-url=\"https:\/\/www.stromberg-gymnasium.de\/wordpress\/wp-content\/uploads\/2020\/11\/Marie-Terwiel-steckt-einer-juedischen-Frau-eine-Lebensmittelkarte-zu.4.jpg\" data-link=\"https:\/\/www.stromberg-gymnasium.de\/?attachment_id=27305\" class=\"wp-image-27305\" srcset=\"https:\/\/www.stromberg-gymnasium.de\/wordpress\/wp-content\/uploads\/2020\/11\/Marie-Terwiel-steckt-einer-juedischen-Frau-eine-Lebensmittelkarte-zu.4.jpg 750w, https:\/\/www.stromberg-gymnasium.de\/wordpress\/wp-content\/uploads\/2020\/11\/Marie-Terwiel-steckt-einer-juedischen-Frau-eine-Lebensmittelkarte-zu.4-225x300.jpg 225w, https:\/\/www.stromberg-gymnasium.de\/wordpress\/wp-content\/uploads\/2020\/11\/Marie-Terwiel-steckt-einer-juedischen-Frau-eine-Lebensmittelkarte-zu.4-203x270.jpg 203w\" sizes=\"auto, (max-width: 750px) 100vw, 750px\" \/><figcaption class=\"blocks-gallery-item__caption\">Marie Terwiel steckt einer j\u00fcdischen Frau eine Lebensmittelkarte zu.<\/figcaption><\/figure><\/li><li class=\"blocks-gallery-item\"><figure><img loading=\"lazy\" decoding=\"async\" width=\"750\" height=\"1000\" src=\"https:\/\/www.stromberg-gymnasium.de\/wordpress\/wp-content\/uploads\/2020\/11\/Passkontrolle-Marcel-Marceau-versucht-nach-aussen-hin-die-Ruhe-zu-bewahren.5.jpg\" alt=\"\" data-id=\"27306\" data-full-url=\"https:\/\/www.stromberg-gymnasium.de\/wordpress\/wp-content\/uploads\/2020\/11\/Passkontrolle-Marcel-Marceau-versucht-nach-aussen-hin-die-Ruhe-zu-bewahren.5.jpg\" data-link=\"https:\/\/www.stromberg-gymnasium.de\/?attachment_id=27306\" class=\"wp-image-27306\" srcset=\"https:\/\/www.stromberg-gymnasium.de\/wordpress\/wp-content\/uploads\/2020\/11\/Passkontrolle-Marcel-Marceau-versucht-nach-aussen-hin-die-Ruhe-zu-bewahren.5.jpg 750w, https:\/\/www.stromberg-gymnasium.de\/wordpress\/wp-content\/uploads\/2020\/11\/Passkontrolle-Marcel-Marceau-versucht-nach-aussen-hin-die-Ruhe-zu-bewahren.5-225x300.jpg 225w, https:\/\/www.stromberg-gymnasium.de\/wordpress\/wp-content\/uploads\/2020\/11\/Passkontrolle-Marcel-Marceau-versucht-nach-aussen-hin-die-Ruhe-zu-bewahren.5-203x270.jpg 203w\" sizes=\"auto, (max-width: 750px) 100vw, 750px\" \/><figcaption class=\"blocks-gallery-item__caption\">Passkontrolle! Marcel Marceau versucht nach au\u00dfen hin die Ruhe zu bewahren.<\/figcaption><\/figure><\/li><li class=\"blocks-gallery-item\"><figure><img loading=\"lazy\" decoding=\"async\" width=\"1000\" height=\"750\" src=\"https:\/\/www.stromberg-gymnasium.de\/wordpress\/wp-content\/uploads\/2020\/11\/Schwarzhoeren-war-verboten-Trotzdem-hoeren-Walter-Klingenbeck-und-seine-Kollegen-die-BBC.6.jpg\" alt=\"\" data-id=\"27307\" data-full-url=\"https:\/\/www.stromberg-gymnasium.de\/wordpress\/wp-content\/uploads\/2020\/11\/Schwarzhoeren-war-verboten-Trotzdem-hoeren-Walter-Klingenbeck-und-seine-Kollegen-die-BBC.6.jpg\" data-link=\"https:\/\/www.stromberg-gymnasium.de\/?attachment_id=27307\" class=\"wp-image-27307\" srcset=\"https:\/\/www.stromberg-gymnasium.de\/wordpress\/wp-content\/uploads\/2020\/11\/Schwarzhoeren-war-verboten-Trotzdem-hoeren-Walter-Klingenbeck-und-seine-Kollegen-die-BBC.6.jpg 1000w, https:\/\/www.stromberg-gymnasium.de\/wordpress\/wp-content\/uploads\/2020\/11\/Schwarzhoeren-war-verboten-Trotzdem-hoeren-Walter-Klingenbeck-und-seine-Kollegen-die-BBC.6-300x225.jpg 300w, https:\/\/www.stromberg-gymnasium.de\/wordpress\/wp-content\/uploads\/2020\/11\/Schwarzhoeren-war-verboten-Trotzdem-hoeren-Walter-Klingenbeck-und-seine-Kollegen-die-BBC.6-768x576.jpg 768w, https:\/\/www.stromberg-gymnasium.de\/wordpress\/wp-content\/uploads\/2020\/11\/Schwarzhoeren-war-verboten-Trotzdem-hoeren-Walter-Klingenbeck-und-seine-Kollegen-die-BBC.6-360x270.jpg 360w\" sizes=\"auto, (max-width: 1000px) 100vw, 1000px\" \/><figcaption class=\"blocks-gallery-item__caption\">Schwarzh\u00f6ren war verboten! Trotzdem h\u00f6ren Walter Klingenbeck und seine Kollegen die BBC.<\/figcaption><\/figure><\/li><li class=\"blocks-gallery-item\"><figure><img loading=\"lazy\" decoding=\"async\" width=\"711\" height=\"1000\" src=\"https:\/\/www.stromberg-gymnasium.de\/wordpress\/wp-content\/uploads\/2020\/11\/Voller-Panik-und-Angst-verlassen-Jules-und-sein-Freund-den-Ort-am-Fluss-an-dem-sie-einen-deutschen-Soldaten-getoetet-haben-nachdem-dieser-sie7.jpg\" alt=\"\" data-id=\"27308\" data-full-url=\"https:\/\/www.stromberg-gymnasium.de\/wordpress\/wp-content\/uploads\/2020\/11\/Voller-Panik-und-Angst-verlassen-Jules-und-sein-Freund-den-Ort-am-Fluss-an-dem-sie-einen-deutschen-Soldaten-getoetet-haben-nachdem-dieser-sie7.jpg\" data-link=\"https:\/\/www.stromberg-gymnasium.de\/?attachment_id=27308\" class=\"wp-image-27308\" srcset=\"https:\/\/www.stromberg-gymnasium.de\/wordpress\/wp-content\/uploads\/2020\/11\/Voller-Panik-und-Angst-verlassen-Jules-und-sein-Freund-den-Ort-am-Fluss-an-dem-sie-einen-deutschen-Soldaten-getoetet-haben-nachdem-dieser-sie7.jpg 711w, https:\/\/www.stromberg-gymnasium.de\/wordpress\/wp-content\/uploads\/2020\/11\/Voller-Panik-und-Angst-verlassen-Jules-und-sein-Freund-den-Ort-am-Fluss-an-dem-sie-einen-deutschen-Soldaten-getoetet-haben-nachdem-dieser-sie7-213x300.jpg 213w, https:\/\/www.stromberg-gymnasium.de\/wordpress\/wp-content\/uploads\/2020\/11\/Voller-Panik-und-Angst-verlassen-Jules-und-sein-Freund-den-Ort-am-Fluss-an-dem-sie-einen-deutschen-Soldaten-getoetet-haben-nachdem-dieser-sie7-192x270.jpg 192w\" sizes=\"auto, (max-width: 711px) 100vw, 711px\" \/><figcaption class=\"blocks-gallery-item__caption\">Voller Panik und Angst verlassen Jules und sein Freund den Ort am Fluss, an dem sie einen deutschen Soldaten get\u00f6tet haben, nachdem dieser sie bedroht hatte.<\/figcaption><\/figure><\/li><li class=\"blocks-gallery-item\"><figure><img loading=\"lazy\" decoding=\"async\" width=\"750\" height=\"1000\" src=\"https:\/\/www.stromberg-gymnasium.de\/wordpress\/wp-content\/uploads\/2020\/11\/Zwei-Wochen-lang-von-ihren-Mitgefangenen-versteckt-in-einer-Transportkiste-schreibt-Germaine-Tillion-im-KZ-ihre-Operette-Le-Verfuegbar-aux-e8.jpg\" alt=\"\" data-id=\"27309\" data-full-url=\"https:\/\/www.stromberg-gymnasium.de\/wordpress\/wp-content\/uploads\/2020\/11\/Zwei-Wochen-lang-von-ihren-Mitgefangenen-versteckt-in-einer-Transportkiste-schreibt-Germaine-Tillion-im-KZ-ihre-Operette-Le-Verfuegbar-aux-e8.jpg\" data-link=\"https:\/\/www.stromberg-gymnasium.de\/?attachment_id=27309\" class=\"wp-image-27309\" srcset=\"https:\/\/www.stromberg-gymnasium.de\/wordpress\/wp-content\/uploads\/2020\/11\/Zwei-Wochen-lang-von-ihren-Mitgefangenen-versteckt-in-einer-Transportkiste-schreibt-Germaine-Tillion-im-KZ-ihre-Operette-Le-Verfuegbar-aux-e8.jpg 750w, https:\/\/www.stromberg-gymnasium.de\/wordpress\/wp-content\/uploads\/2020\/11\/Zwei-Wochen-lang-von-ihren-Mitgefangenen-versteckt-in-einer-Transportkiste-schreibt-Germaine-Tillion-im-KZ-ihre-Operette-Le-Verfuegbar-aux-e8-225x300.jpg 225w, https:\/\/www.stromberg-gymnasium.de\/wordpress\/wp-content\/uploads\/2020\/11\/Zwei-Wochen-lang-von-ihren-Mitgefangenen-versteckt-in-einer-Transportkiste-schreibt-Germaine-Tillion-im-KZ-ihre-Operette-Le-Verfuegbar-aux-e8-203x270.jpg 203w\" sizes=\"auto, (max-width: 750px) 100vw, 750px\" \/><figcaption class=\"blocks-gallery-item__caption\">Zwei Wochen lang versteckt von ihren Mitgefangenen in einer Transportkiste, schreibt Germaine Tillion im KZ ihre Operette Le Verf\u00fcgbar aux enfers.<\/figcaption><\/figure><\/li><\/ul><\/figure>\n\n\n\n<p><strong>Impressionen aus der Projektarbeit<\/strong><\/p>\n\n\n\n<figure class=\"wp-block-gallery columns-3 is-cropped wp-block-gallery-2 is-layout-flex wp-block-gallery-is-layout-flex\"><ul class=\"blocks-gallery-grid\"><li class=\"blocks-gallery-item\"><figure><img loading=\"lazy\" decoding=\"async\" width=\"1000\" height=\"750\" src=\"https:\/\/www.stromberg-gymnasium.de\/wordpress\/wp-content\/uploads\/2020\/11\/Impressionen-aus-der-Projektarbeit-1.jpg\" alt=\"\" data-id=\"27311\" data-full-url=\"https:\/\/www.stromberg-gymnasium.de\/wordpress\/wp-content\/uploads\/2020\/11\/Impressionen-aus-der-Projektarbeit-1.jpg\" data-link=\"https:\/\/www.stromberg-gymnasium.de\/?attachment_id=27311\" class=\"wp-image-27311\" srcset=\"https:\/\/www.stromberg-gymnasium.de\/wordpress\/wp-content\/uploads\/2020\/11\/Impressionen-aus-der-Projektarbeit-1.jpg 1000w, https:\/\/www.stromberg-gymnasium.de\/wordpress\/wp-content\/uploads\/2020\/11\/Impressionen-aus-der-Projektarbeit-1-300x225.jpg 300w, https:\/\/www.stromberg-gymnasium.de\/wordpress\/wp-content\/uploads\/2020\/11\/Impressionen-aus-der-Projektarbeit-1-768x576.jpg 768w, https:\/\/www.stromberg-gymnasium.de\/wordpress\/wp-content\/uploads\/2020\/11\/Impressionen-aus-der-Projektarbeit-1-360x270.jpg 360w\" sizes=\"auto, (max-width: 1000px) 100vw, 1000px\" \/><\/figure><\/li><li class=\"blocks-gallery-item\"><figure><img loading=\"lazy\" decoding=\"async\" width=\"750\" height=\"1000\" src=\"https:\/\/www.stromberg-gymnasium.de\/wordpress\/wp-content\/uploads\/2020\/11\/Impressionen-aus-der-Projektarbeit-2.jpg\" alt=\"\" data-id=\"27312\" data-full-url=\"https:\/\/www.stromberg-gymnasium.de\/wordpress\/wp-content\/uploads\/2020\/11\/Impressionen-aus-der-Projektarbeit-2.jpg\" data-link=\"https:\/\/www.stromberg-gymnasium.de\/?attachment_id=27312\" class=\"wp-image-27312\" srcset=\"https:\/\/www.stromberg-gymnasium.de\/wordpress\/wp-content\/uploads\/2020\/11\/Impressionen-aus-der-Projektarbeit-2.jpg 750w, https:\/\/www.stromberg-gymnasium.de\/wordpress\/wp-content\/uploads\/2020\/11\/Impressionen-aus-der-Projektarbeit-2-225x300.jpg 225w, https:\/\/www.stromberg-gymnasium.de\/wordpress\/wp-content\/uploads\/2020\/11\/Impressionen-aus-der-Projektarbeit-2-203x270.jpg 203w\" sizes=\"auto, (max-width: 750px) 100vw, 750px\" \/><\/figure><\/li><li class=\"blocks-gallery-item\"><figure><img loading=\"lazy\" decoding=\"async\" width=\"1000\" height=\"750\" src=\"https:\/\/www.stromberg-gymnasium.de\/wordpress\/wp-content\/uploads\/2020\/11\/Impressionen-aus-der-Projektarbeit-3.jpg\" alt=\"\" data-id=\"27313\" data-full-url=\"https:\/\/www.stromberg-gymnasium.de\/wordpress\/wp-content\/uploads\/2020\/11\/Impressionen-aus-der-Projektarbeit-3.jpg\" data-link=\"https:\/\/www.stromberg-gymnasium.de\/?attachment_id=27313\" class=\"wp-image-27313\" srcset=\"https:\/\/www.stromberg-gymnasium.de\/wordpress\/wp-content\/uploads\/2020\/11\/Impressionen-aus-der-Projektarbeit-3.jpg 1000w, https:\/\/www.stromberg-gymnasium.de\/wordpress\/wp-content\/uploads\/2020\/11\/Impressionen-aus-der-Projektarbeit-3-300x225.jpg 300w, https:\/\/www.stromberg-gymnasium.de\/wordpress\/wp-content\/uploads\/2020\/11\/Impressionen-aus-der-Projektarbeit-3-768x576.jpg 768w, https:\/\/www.stromberg-gymnasium.de\/wordpress\/wp-content\/uploads\/2020\/11\/Impressionen-aus-der-Projektarbeit-3-360x270.jpg 360w\" sizes=\"auto, (max-width: 1000px) 100vw, 1000px\" \/><\/figure><\/li><li class=\"blocks-gallery-item\"><figure><img loading=\"lazy\" decoding=\"async\" width=\"750\" height=\"1000\" src=\"https:\/\/www.stromberg-gymnasium.de\/wordpress\/wp-content\/uploads\/2020\/11\/Impressionen-aus-der-Projektarbeit-4.jpg\" alt=\"\" data-id=\"27314\" data-full-url=\"https:\/\/www.stromberg-gymnasium.de\/wordpress\/wp-content\/uploads\/2020\/11\/Impressionen-aus-der-Projektarbeit-4.jpg\" data-link=\"https:\/\/www.stromberg-gymnasium.de\/?attachment_id=27314\" class=\"wp-image-27314\" srcset=\"https:\/\/www.stromberg-gymnasium.de\/wordpress\/wp-content\/uploads\/2020\/11\/Impressionen-aus-der-Projektarbeit-4.jpg 750w, https:\/\/www.stromberg-gymnasium.de\/wordpress\/wp-content\/uploads\/2020\/11\/Impressionen-aus-der-Projektarbeit-4-225x300.jpg 225w, https:\/\/www.stromberg-gymnasium.de\/wordpress\/wp-content\/uploads\/2020\/11\/Impressionen-aus-der-Projektarbeit-4-203x270.jpg 203w\" sizes=\"auto, (max-width: 750px) 100vw, 750px\" \/><\/figure><\/li><\/ul><\/figure>\n","protected":false},"excerpt":{"rendered":"<p>F\u00fcr einen Auftrag nimmt der j\u00fcdische Schauspieler Marcel Marceau die M\u00e9tro, einmal quer durch Paris. Dann, pl\u00f6tzlich, am dritten Halt, besteigen Uniformierte die Bahn. Deutsche, Gestapo. Passkontrolle!<\/p>\n","protected":false},"author":1,"featured_media":27315,"comment_status":"closed","ping_status":"closed","sticky":false,"template":"","format":"standard","meta":{"footnotes":""},"categories":[6],"tags":[29,34,15],"class_list":["post-27301","post","type-post","status-publish","format-standard","has-post-thumbnail","hentry","category-unterricht","tag-franzoesisch","tag-geschichte","tag-projekte"],"_links":{"self":[{"href":"https:\/\/www.stromberg-gymnasium.de\/index.php?rest_route=\/wp\/v2\/posts\/27301","targetHints":{"allow":["GET"]}}],"collection":[{"href":"https:\/\/www.stromberg-gymnasium.de\/index.php?rest_route=\/wp\/v2\/posts"}],"about":[{"href":"https:\/\/www.stromberg-gymnasium.de\/index.php?rest_route=\/wp\/v2\/types\/post"}],"author":[{"embeddable":true,"href":"https:\/\/www.stromberg-gymnasium.de\/index.php?rest_route=\/wp\/v2\/users\/1"}],"replies":[{"embeddable":true,"href":"https:\/\/www.stromberg-gymnasium.de\/index.php?rest_route=%2Fwp%2Fv2%2Fcomments&post=27301"}],"version-history":[{"count":2,"href":"https:\/\/www.stromberg-gymnasium.de\/index.php?rest_route=\/wp\/v2\/posts\/27301\/revisions"}],"predecessor-version":[{"id":27316,"href":"https:\/\/www.stromberg-gymnasium.de\/index.php?rest_route=\/wp\/v2\/posts\/27301\/revisions\/27316"}],"wp:featuredmedia":[{"embeddable":true,"href":"https:\/\/www.stromberg-gymnasium.de\/index.php?rest_route=\/wp\/v2\/media\/27315"}],"wp:attachment":[{"href":"https:\/\/www.stromberg-gymnasium.de\/index.php?rest_route=%2Fwp%2Fv2%2Fmedia&parent=27301"}],"wp:term":[{"taxonomy":"category","embeddable":true,"href":"https:\/\/www.stromberg-gymnasium.de\/index.php?rest_route=%2Fwp%2Fv2%2Fcategories&post=27301"},{"taxonomy":"post_tag","embeddable":true,"href":"https:\/\/www.stromberg-gymnasium.de\/index.php?rest_route=%2Fwp%2Fv2%2Ftags&post=27301"}],"curies":[{"name":"wp","href":"https:\/\/api.w.org\/{rel}","templated":true}]}}