{"id":27789,"date":"2021-02-23T07:27:00","date_gmt":"2021-02-23T06:27:00","guid":{"rendered":"https:\/\/www.stromberg-gymnasium.de\/?p=27789"},"modified":"2021-04-23T09:05:46","modified_gmt":"2021-04-23T07:05:46","slug":"frankreichquiz-im-fernlernen-ein-motivierendes-moment","status":"publish","type":"post","link":"https:\/\/www.stromberg-gymnasium.de\/?p=27789","title":{"rendered":"Frankreichquiz im Fernlernen \u2013 ein motivierendes Moment"},"content":{"rendered":"\n<p>Traditionellerweise begehen die Franz\u00f6sischlernenden am Stromberg-Gymnasium den deutsch-franz\u00f6sischen Tag am 22. Januar mit kleineren Klassenaktionen, einem frankophilen Pausenevent f\u00fcr die Schulgemeinschaft, dem <em>Cin\u00e9f\u00eate-<\/em>Besuch der zehnten Klassen sowie dem allj\u00e4hrlichen Frankreich-Quiz der j\u00fcngsten Franz\u00f6sischsch\u00fclerinnen und -sch\u00fcler in der Klassenstufe 6.<\/p>\n\n\n\n<p>W\u00e4hrend gr\u00f6\u00dfere Aktivit\u00e4ten in diesem Jahr pandemiebedingt nicht m\u00f6glich waren, griffen die Franz\u00f6sischlehrkr\u00e4fte die <em>Journ\u00e9e franco-allemande<\/em> dennoch innerhalb ihres Fernunterrichts auf und thematisierten den besonderen Tag durch passende Unterrichtselemente, wie zum Beispiel Videoclips zu landestypischen Eigenheiten oder zu manch interkulturellen Missverst\u00e4ndnissen, die daraus entstehen k\u00f6nnen.<\/p>\n\n\n\n<p>Auch das \u00fcblicherweise mit den Franz\u00f6sisch-Anf\u00e4ngern durchgef\u00fchrte Frankreich-Quiz lagerten die Franz\u00f6sischlehrkr\u00e4fte der Klassenstufe 6 kurzerhand ins Homeschooling aus und motivierten so zahlreiche Sechstkl\u00e4sslerinnen und Sechstkl\u00e4ssler dazu, auch \u00fcber den Regelunterricht hinaus allerhand zum Nachbarland und den deutsch-franz\u00f6sischen Beziehungen zu erkunden.<\/p>\n\n\n\n<div class=\"wp-block-image\"><figure class=\"aligncenter size-medium\"><img loading=\"lazy\" decoding=\"async\" width=\"225\" height=\"300\" src=\"https:\/\/www.stromberg-gymnasium.de\/wordpress\/wp-content\/uploads\/2021\/03\/2021_03_28_Dt-frz-Tag-Quiz-2-3_211-225x300.jpg\" alt=\"\" class=\"wp-image-27793\" srcset=\"https:\/\/www.stromberg-gymnasium.de\/wordpress\/wp-content\/uploads\/2021\/03\/2021_03_28_Dt-frz-Tag-Quiz-2-3_211-225x300.jpg 225w, https:\/\/www.stromberg-gymnasium.de\/wordpress\/wp-content\/uploads\/2021\/03\/2021_03_28_Dt-frz-Tag-Quiz-2-3_211-768x1025.jpg 768w, https:\/\/www.stromberg-gymnasium.de\/wordpress\/wp-content\/uploads\/2021\/03\/2021_03_28_Dt-frz-Tag-Quiz-2-3_211-1151x1536.jpg 1151w, https:\/\/www.stromberg-gymnasium.de\/wordpress\/wp-content\/uploads\/2021\/03\/2021_03_28_Dt-frz-Tag-Quiz-2-3_211-1534x2048.jpg 1534w, https:\/\/www.stromberg-gymnasium.de\/wordpress\/wp-content\/uploads\/2021\/03\/2021_03_28_Dt-frz-Tag-Quiz-2-3_211-202x270.jpg 202w, https:\/\/www.stromberg-gymnasium.de\/wordpress\/wp-content\/uploads\/2021\/03\/2021_03_28_Dt-frz-Tag-Quiz-2-3_211-scaled.jpg 1918w\" sizes=\"auto, (max-width: 225px) 100vw, 225px\" \/><\/figure><\/div>\n\n\n\n<p>Von geografischen Einsteigerfragen, wie die nach der gr\u00f6\u00dften Stadt im Elsass, \u00fcber kulturelle Aspekte zu ber\u00fchmten Pers\u00f6nlichkeiten der franz\u00f6sischsprachigen Popmusik und bekannten Comichelden bis hin zu den Sechstkl\u00e4sslern bereits bekannten Begriffen aus dem Schulalltag, wie der \u201eRentr\u00e9e\u201c, dem Schulbeginn nach den Sommerferien, war einiges Wissenswerte zu unserem Nachbarland mit dabei. Zahlreiche Franz\u00f6sischlernende erreichten die volle Punktzahl \u2013 und bewiesen damit eindrucksvoll, dass sie sich in Geografie und Kultur Frankreichs bestens auskennen.<\/p>\n\n\n\n<p>Aus allen richtigen Einsendungen wurden schlie\u00dflich in einem kleinen, fachschaftsinternen Wahlkomitee die gl\u00fccklichen Gewinnerinnen und Gewinner gezogen \u2013 selbstverst\u00e4ndlich ebenfalls digital mit Hilfe eines online-Gl\u00fccksrads. Nach der R\u00fcckkehr der sechsten Klassen in den Pr\u00e4senzunterricht freuten sich die Ausgelosten nun nach langer Wartezeit \u00fcber ihre praktischen und leckeren Preise: einen Baguette-Beutel, Vierfarbkulis einer bekannten franz\u00f6sischen Marke, Bleistifte und Bio-Schokolade.<\/p>\n\n\n\n<div class=\"wp-block-image\"><figure class=\"aligncenter size-medium\"><img loading=\"lazy\" decoding=\"async\" width=\"300\" height=\"272\" src=\"https:\/\/www.stromberg-gymnasium.de\/wordpress\/wp-content\/uploads\/2021\/03\/2021_03_28_Dt-frz-Tag-Quiz-3_211-300x272.jpg\" alt=\"\" class=\"wp-image-27791\" srcset=\"https:\/\/www.stromberg-gymnasium.de\/wordpress\/wp-content\/uploads\/2021\/03\/2021_03_28_Dt-frz-Tag-Quiz-3_211-300x272.jpg 300w, https:\/\/www.stromberg-gymnasium.de\/wordpress\/wp-content\/uploads\/2021\/03\/2021_03_28_Dt-frz-Tag-Quiz-3_211-768x696.jpg 768w, https:\/\/www.stromberg-gymnasium.de\/wordpress\/wp-content\/uploads\/2021\/03\/2021_03_28_Dt-frz-Tag-Quiz-3_211-1536x1391.jpg 1536w, https:\/\/www.stromberg-gymnasium.de\/wordpress\/wp-content\/uploads\/2021\/03\/2021_03_28_Dt-frz-Tag-Quiz-3_211-2048x1855.jpg 2048w, https:\/\/www.stromberg-gymnasium.de\/wordpress\/wp-content\/uploads\/2021\/03\/2021_03_28_Dt-frz-Tag-Quiz-3_211-298x270.jpg 298w\" sizes=\"auto, (max-width: 300px) 100vw, 300px\" \/><\/figure><\/div>\n\n\n\n<p>Die Motivation und Vorfreude auf einen realen Besuch in unserem Nachbarland sind hiermit garantiert!<\/p>\n\n\n\n<p>In diesem Sinne: F\u00e9licitations \u00e0 tous et toutes et \u00e0 bient\u00f4t en France&nbsp;!<\/p>\n\n\n\n<p><em>Bericht: F\u00f6<\/em><\/p>\n","protected":false},"excerpt":{"rendered":"<p>Das \u00fcblicherweise mit den Franz\u00f6sisch-Anf\u00e4ngern durchgef\u00fchrte Frankreich-Quiz lagerten die Franz\u00f6sischlehrkr\u00e4fte der Klassenstufe 6 kurzerhand ins Homeschooling aus und motivierten so zahlreiche Sechstkl\u00e4sslerinnen und Sechstkl\u00e4ssler. <\/p>\n","protected":false},"author":4,"featured_media":27790,"comment_status":"closed","ping_status":"closed","sticky":false,"template":"","format":"standard","meta":{"footnotes":""},"categories":[1,6],"tags":[29,70,69],"class_list":["post-27789","post","type-post","status-publish","format-standard","has-post-thumbnail","hentry","category-allgemein","category-unterricht","tag-franzoesisch","tag-homeschooling","tag-quiz"],"_links":{"self":[{"href":"https:\/\/www.stromberg-gymnasium.de\/index.php?rest_route=\/wp\/v2\/posts\/27789","targetHints":{"allow":["GET"]}}],"collection":[{"href":"https:\/\/www.stromberg-gymnasium.de\/index.php?rest_route=\/wp\/v2\/posts"}],"about":[{"href":"https:\/\/www.stromberg-gymnasium.de\/index.php?rest_route=\/wp\/v2\/types\/post"}],"author":[{"embeddable":true,"href":"https:\/\/www.stromberg-gymnasium.de\/index.php?rest_route=\/wp\/v2\/users\/4"}],"replies":[{"embeddable":true,"href":"https:\/\/www.stromberg-gymnasium.de\/index.php?rest_route=%2Fwp%2Fv2%2Fcomments&post=27789"}],"version-history":[{"count":1,"href":"https:\/\/www.stromberg-gymnasium.de\/index.php?rest_route=\/wp\/v2\/posts\/27789\/revisions"}],"predecessor-version":[{"id":27794,"href":"https:\/\/www.stromberg-gymnasium.de\/index.php?rest_route=\/wp\/v2\/posts\/27789\/revisions\/27794"}],"wp:featuredmedia":[{"embeddable":true,"href":"https:\/\/www.stromberg-gymnasium.de\/index.php?rest_route=\/wp\/v2\/media\/27790"}],"wp:attachment":[{"href":"https:\/\/www.stromberg-gymnasium.de\/index.php?rest_route=%2Fwp%2Fv2%2Fmedia&parent=27789"}],"wp:term":[{"taxonomy":"category","embeddable":true,"href":"https:\/\/www.stromberg-gymnasium.de\/index.php?rest_route=%2Fwp%2Fv2%2Fcategories&post=27789"},{"taxonomy":"post_tag","embeddable":true,"href":"https:\/\/www.stromberg-gymnasium.de\/index.php?rest_route=%2Fwp%2Fv2%2Ftags&post=27789"}],"curies":[{"name":"wp","href":"https:\/\/api.w.org\/{rel}","templated":true}]}}