{"id":27828,"date":"2021-04-26T12:39:00","date_gmt":"2021-04-26T10:39:00","guid":{"rendered":"https:\/\/www.stromberg-gymnasium.de\/?p=27828"},"modified":"2021-06-14T07:03:46","modified_gmt":"2021-06-14T05:03:46","slug":"informationen-zum-bildungsgipfel","status":"publish","type":"post","link":"https:\/\/www.stromberg-gymnasium.de\/?p=27828","title":{"rendered":"Schule muss sich JETZT ver\u00e4ndern!"},"content":{"rendered":"\n<figure class=\"wp-block-embed is-type-video is-provider-youtube wp-block-embed-youtube wp-embed-aspect-16-9 wp-has-aspect-ratio\"><div class=\"wp-block-embed__wrapper\">\n<iframe loading=\"lazy\" title=\"Das ist ja der Gipfel!\" width=\"847\" height=\"476\" src=\"https:\/\/www.youtube.com\/embed\/3gpXWsGGzrE?feature=oembed\" frameborder=\"0\" allow=\"accelerometer; autoplay; clipboard-write; encrypted-media; gyroscope; picture-in-picture\" allowfullscreen><\/iframe>\n<\/div><\/figure>\n\n\n\n<h2 class=\"has-text-align-center wp-block-heading\">Trifft das deinen Nerv? Dann sei dabei!<\/h2>\n\n\n\n<p class=\"has-text-align-center\">&gt;&gt;&gt; <a href=\"https:\/\/www.stromberg-gymnasium.de\/?page_id=27826\">Hier geht es direkt zur Anmeldung.<\/a><\/p>\n\n\n\n<p><\/p>\n\n\n\n<h2 class=\"wp-block-heading\">Pressestimmen<\/h2>\n\n\n\n<blockquote class=\"wp-block-quote is-layout-flow wp-block-quote-is-layout-flow\"><p>&#8222;Bei der Frage nach den Lehren aus der Corona-Schulmisere finden die Kinder und Jugendlichen selbst am wenigsten Geh\u00f6r. Geht gar nicht, findet die Vaihinger Gymnasialdirektorin Katja Kranich &#8211; und h\u00e4lt mit einem digitalen Bildungsgipfel f\u00fcr Sch\u00fcler dagegen&#8220; <br>Lesen Sie <a href=\"https:\/\/www.stromberg-gymnasium.de\/wordpress\/wp-content\/uploads\/2021\/05\/Artikel-StZ-Bildungsgipfel.pdf\">den vollst\u00e4ndigen Artikel<\/a> aus der Stuttgarter Zeitung vom 21. Mai 2021.<\/p><\/blockquote>\n\n\n\n<blockquote class=\"wp-block-quote is-layout-flow wp-block-quote-is-layout-flow\"><p><strong>&#8222;Die wahren Experten f\u00fcr&#8217;s Lernen&#8220;<\/strong><br><strong>Schulleiterin des Stromberg-Gymnasiums l\u00e4dt Sch\u00fcler aus ganz Deutschland zu Bildungsgipfel ein<\/strong><br>Was bis vor kurzem noch undenkbar schien, ist Wirklichkeit geworden: Die Schulen sind \u00fcber Monate hinweg geschlossen, der Unterricht findet per Videokonferenz statt. Sch\u00fclerinnen und Sch\u00fcler m\u00fcssen mehr denn je selbst Verantwortung f\u00fcr ihr Lernen \u00fcbernehmen, und das \u00fcber einen l\u00e4ngeren Zeitraum hinweg. Das klappt mal besser, mal weniger gut. \u201eSchule kann nicht eins zu eins digital abgebildet werden\u201c, res\u00fcmiert Schulleiterin Katja Kranich, \u201edenn: Sie ist mehr als reine Wissensvermittlung.\u201c<br>Nach den Erfahrungen mit dem Fernlernunterricht sei die Zeit reif, \u201eSchule anders zu gestalten\u201c, so die Direktorin des Stromberg-Gymnasiums. In den aus ihrer Sicht notwendigen Ver\u00e4nderungsprozess m\u00f6chte sie Kinder und Jugendliche aus ganz Deutschland aktiv einbinden. Beim \u201eDigitalen Gipfelst\u00fcrmer-Festival\u201c vom 7. bis 11. Juni sollen insbesondere die beiden folgenden Fragen im Zentrum stehen: In welchen Bereichen brauchen wir den schulischen Rahmen? In welchen Bereichen k\u00f6nnen wir uns Inhalte individuell aneignen? \u201eWenn es Experten f\u00fcr das Lernen gibt, dann sind das die Sch\u00fcler\u201c, ist sie sich sicher. \u201eSch\u00fcler wissen genau, was gut l\u00e4uft in unserem System, wovon sie mehr brauchen, was ihnen etwas bringt \u2013 und was nicht\u201c.<br>Bereits im Vorfeld geben die angemeldeten Sch\u00fclerinnen und Sch\u00fcler an, welche Interessen und Erwartungen sie mit der Schule von morgen verbinden. Die Ergebnisse werden bei einer digitalen Auftaktveranstaltung am 7. Juni vorgestellt. F\u00fcr die drei folgenden Tage ist geplant, dass die Teilnehmerinnen und Teilnehmer an ihren jeweiligen Schulen vor Ort Ideen entwickeln, diskutieren und festhalten, die sie ein- bis zweimal am Tag im digitalen gemeinsamen Plenum vorstellen. \u201eDas Ziel des Bildungsgipfels ist, dass am f\u00fcnften Tag alle Sch\u00fclergruppen konkrete Vorschl\u00e4ge ausgearbeitet haben, wie sie das Lernen an ihrer Schule vor Ort voranbringen und weiterentwickeln m\u00f6chten\u201c, erl\u00e4utert Kranich.<br>Sie ist gespannt auf die Vorschl\u00e4ge der Sch\u00fcler, hat als langj\u00e4hrige Schulleiterin aber auch selbst eine klare Vorstellung von notwendigen Ver\u00e4nderungen: Im Pr\u00e4senzunterricht m\u00fcssten aus ihrer Sicht zuk\u00fcnftig verst\u00e4rkt die vier Kompetenzen in den Blick genommen werden, die gem\u00e4\u00df dem \u201e4-K-Modell\u201c als besonders wichtig f\u00fcr Lernende im 21. Jahrhundert erachtet werden: Kommunikation, Kollaboration, Kreativit\u00e4t und kritisches Denken. Im deutschsprachigen Raum ist dieses Modell insbesondere durch den Bildungsforscher Andreas Schleicher (OECD) bekannt geworden.<br>Mit dem Bildungsgipfel m\u00f6chte Kranich ein \u201edoppeltes Signal\u201c setzen. \u201eDen Sch\u00fclern m\u00f6chte ich zurufen: Meldet euch zu Wort, es geht um euch!\u201c Zugleich soll die Veranstaltung jedoch auch auf eine politische Leerstelle hinweisen: Bislang seien seitens der Politik lediglich \u201eLernl\u00fccken\u201c diagnostiziert und \u00dcberlegungen angestellt worden, wie diese gef\u00fcllt werden k\u00f6nnen. Den Bildungspolitikern in Bund und Land legt die Schulleiterin deshalb ans Herz: \u201eVergesst nicht, die Sch\u00fcler zu Wort kommen zu lassen.\u201c<br><strong>Info: <\/strong>Organisiert wird das einw\u00f6chige Seminar von einer Gruppe aus Sch\u00fclerinnen und Sch\u00fclern, welche die Jahrgangsstufen 7 bis 12 besuchen. F\u00fcr die Leitung und Moderation der Veranstaltung wurde der Bildungsaktivist Dr. Christoph Schmitt gewonnen. Finanzielle Unterst\u00fctzung leisten die VR-Bank Neckar-Enz eG. sowie der Rotary Club Bietigheim-Vaihingen. Sch\u00fclerinnen und Sch\u00fcler aus ganz Deutschland k\u00f6nnen sich \u00fcber die Homepage des Stromberg-Gymnasiums (<a href=\"https:\/\/www.stromberg-gymnasium.de\">www.stromberg-gymnasium.de<\/a>) f\u00fcr die Veranstaltung anmelden.<br><em>Bericht: Christoph Sch\u00fcly<\/em><\/p><\/blockquote>\n","protected":false},"excerpt":{"rendered":"<p>Trifft das deinen Nerv? Dann sei dabei!<\/p>\n","protected":false},"author":1,"featured_media":27817,"comment_status":"closed","ping_status":"closed","sticky":false,"template":"","format":"standard","meta":{"footnotes":""},"categories":[1],"tags":[66,5],"class_list":["post-27828","post","type-post","status-publish","format-standard","has-post-thumbnail","hentry","category-allgemein","tag-future-skills","tag-ueber-uns"],"_links":{"self":[{"href":"https:\/\/www.stromberg-gymnasium.de\/index.php?rest_route=\/wp\/v2\/posts\/27828","targetHints":{"allow":["GET"]}}],"collection":[{"href":"https:\/\/www.stromberg-gymnasium.de\/index.php?rest_route=\/wp\/v2\/posts"}],"about":[{"href":"https:\/\/www.stromberg-gymnasium.de\/index.php?rest_route=\/wp\/v2\/types\/post"}],"author":[{"embeddable":true,"href":"https:\/\/www.stromberg-gymnasium.de\/index.php?rest_route=\/wp\/v2\/users\/1"}],"replies":[{"embeddable":true,"href":"https:\/\/www.stromberg-gymnasium.de\/index.php?rest_route=%2Fwp%2Fv2%2Fcomments&post=27828"}],"version-history":[{"count":11,"href":"https:\/\/www.stromberg-gymnasium.de\/index.php?rest_route=\/wp\/v2\/posts\/27828\/revisions"}],"predecessor-version":[{"id":27865,"href":"https:\/\/www.stromberg-gymnasium.de\/index.php?rest_route=\/wp\/v2\/posts\/27828\/revisions\/27865"}],"wp:featuredmedia":[{"embeddable":true,"href":"https:\/\/www.stromberg-gymnasium.de\/index.php?rest_route=\/wp\/v2\/media\/27817"}],"wp:attachment":[{"href":"https:\/\/www.stromberg-gymnasium.de\/index.php?rest_route=%2Fwp%2Fv2%2Fmedia&parent=27828"}],"wp:term":[{"taxonomy":"category","embeddable":true,"href":"https:\/\/www.stromberg-gymnasium.de\/index.php?rest_route=%2Fwp%2Fv2%2Fcategories&post=27828"},{"taxonomy":"post_tag","embeddable":true,"href":"https:\/\/www.stromberg-gymnasium.de\/index.php?rest_route=%2Fwp%2Fv2%2Ftags&post=27828"}],"curies":[{"name":"wp","href":"https:\/\/api.w.org\/{rel}","templated":true}]}}