{"id":27866,"date":"2021-06-08T12:37:28","date_gmt":"2021-06-08T10:37:28","guid":{"rendered":"https:\/\/www.stromberg-gymnasium.de\/?p=27866"},"modified":"2021-06-08T12:37:29","modified_gmt":"2021-06-08T10:37:29","slug":"gruenes-klassenzimmer-dieses-modell-wurde-gewaehlt","status":"publish","type":"post","link":"https:\/\/www.stromberg-gymnasium.de\/?p=27866","title":{"rendered":"Gr\u00fcnes Klassenzimmer: Dieses Modell wurde gew\u00e4hlt"},"content":{"rendered":"\n<p>Kurz vor den Pfingstferien gab es eine Umfrage f\u00fcr alle Sch\u00fcler*innen und Lehrer*innen. In dieser ging es um ein m\u00f6gliches Klassenzimmer im Gr\u00fcnen, also drau\u00dfen im Freien.<br><\/p>\n\n\n\n<p>Zuvor hatten Sch\u00fcler*innen der Schule&nbsp;verschiedene Modelle eines m\u00f6glichen Aussehens dieses Klassenzimmers konstruiert. Vier dieser Modelle wurden vom Arbeitskreis der SMV \u201aGr\u00fcnes Klassenzimmer\u2018 vorab ausgew\u00e4hlt und standen in der Umfrage zur Option. Also wurde nun abgestimmt. Dabei nahmen mehr als 380 Wahlberechtigte teil und so kristallisierte sich ein eindeutiges Gewinner-Modell heraus.<br><br>Dieses Modell ist der Gewinner:<\/p>\n\n\n\n<figure class=\"wp-block-image size-medium\"><img loading=\"lazy\" decoding=\"async\" width=\"265\" height=\"300\" src=\"https:\/\/www.stromberg-gymnasium.de\/wordpress\/wp-content\/uploads\/2021\/05\/Modell-3.1-265x300.jpg\" alt=\"\" class=\"wp-image-27867\" srcset=\"https:\/\/www.stromberg-gymnasium.de\/wordpress\/wp-content\/uploads\/2021\/05\/Modell-3.1-265x300.jpg 265w, https:\/\/www.stromberg-gymnasium.de\/wordpress\/wp-content\/uploads\/2021\/05\/Modell-3.1-768x869.jpg 768w, https:\/\/www.stromberg-gymnasium.de\/wordpress\/wp-content\/uploads\/2021\/05\/Modell-3.1-1358x1536.jpg 1358w, https:\/\/www.stromberg-gymnasium.de\/wordpress\/wp-content\/uploads\/2021\/05\/Modell-3.1-1811x2048.jpg 1811w, https:\/\/www.stromberg-gymnasium.de\/wordpress\/wp-content\/uploads\/2021\/05\/Modell-3.1-239x270.jpg 239w\" sizes=\"auto, (max-width: 265px) 100vw, 265px\" \/><\/figure>\n\n\n\n<p><img loading=\"lazy\" decoding=\"async\" width=\"300\" height=\"169\" class=\"wp-image-27869\" style=\"width: 300px;\" src=\"https:\/\/www.stromberg-gymnasium.de\/wordpress\/wp-content\/uploads\/2021\/05\/Modell-3.2-scaled.jpg\" alt=\"\" srcset=\"https:\/\/www.stromberg-gymnasium.de\/wordpress\/wp-content\/uploads\/2021\/05\/Modell-3.2-scaled.jpg 2560w, https:\/\/www.stromberg-gymnasium.de\/wordpress\/wp-content\/uploads\/2021\/05\/Modell-3.2-300x169.jpg 300w, https:\/\/www.stromberg-gymnasium.de\/wordpress\/wp-content\/uploads\/2021\/05\/Modell-3.2-768x432.jpg 768w, https:\/\/www.stromberg-gymnasium.de\/wordpress\/wp-content\/uploads\/2021\/05\/Modell-3.2-1536x864.jpg 1536w, https:\/\/www.stromberg-gymnasium.de\/wordpress\/wp-content\/uploads\/2021\/05\/Modell-3.2-2048x1151.jpg 2048w, https:\/\/www.stromberg-gymnasium.de\/wordpress\/wp-content\/uploads\/2021\/05\/Modell-3.2-360x202.jpg 360w\" sizes=\"auto, (max-width: 300px) 100vw, 300px\" \/>                       <img loading=\"lazy\" decoding=\"async\" width=\"300\" height=\"169\" class=\"wp-image-27870\" style=\"width: 300px;\" src=\"https:\/\/www.stromberg-gymnasium.de\/wordpress\/wp-content\/uploads\/2021\/05\/Modell-3.3-scaled.jpg\" alt=\"\" srcset=\"https:\/\/www.stromberg-gymnasium.de\/wordpress\/wp-content\/uploads\/2021\/05\/Modell-3.3-scaled.jpg 2560w, https:\/\/www.stromberg-gymnasium.de\/wordpress\/wp-content\/uploads\/2021\/05\/Modell-3.3-300x169.jpg 300w, https:\/\/www.stromberg-gymnasium.de\/wordpress\/wp-content\/uploads\/2021\/05\/Modell-3.3-768x432.jpg 768w, https:\/\/www.stromberg-gymnasium.de\/wordpress\/wp-content\/uploads\/2021\/05\/Modell-3.3-1536x864.jpg 1536w, https:\/\/www.stromberg-gymnasium.de\/wordpress\/wp-content\/uploads\/2021\/05\/Modell-3.3-2048x1151.jpg 2048w, https:\/\/www.stromberg-gymnasium.de\/wordpress\/wp-content\/uploads\/2021\/05\/Modell-3.3-360x202.jpg 360w\" sizes=\"auto, (max-width: 300px) 100vw, 300px\" \/><br><\/p>\n\n\n\n<p>Die sehr gro\u00dfe Teilnahme war sehr erfreulich und zeigt das Interesse an solch einem Klassenzimmer drau\u00dfen im Gr\u00fcnen. Damit es auch so schnell wie m\u00f6glich realisiert bzw. gebaut werden kann, geht es nun tatkr\u00e4ftig an die Planung und Vorbereitung.<br>Mit Unterst\u00fctzung von Frau Herbig und Herrn Schmolck geht der Arbeitskreis der SMV nun tatkr\u00e4ftig ans Werk. Zun\u00e4chst erfolgt eine Anfrage bei einem bekannten Architekten bez\u00fcglich der Realisierbarkeit des Modells. Im n\u00e4chsten Schritt tauschen wir uns mit einer anderen Schule aus, an der bereits ein solches Gr\u00fcnes Klassenzimmer gebaut wurde.<br>Wir geben alles, damit so bald wie m\u00f6glich ein Gr\u00fcnes Klassenzimmer an unserer Schule umgesetzt werden kann und freuen uns \u00fcber eure Unterst\u00fctzung \ud83d\ude42<\/p>\n\n\n\n<p>Bericht: Teresa Werr<\/p>\n\n\n\n<p><br><br><br><\/p>\n","protected":false},"excerpt":{"rendered":"<p>Gr\u00fcnes Klassenzimmer: Kurz vor den Pfingstferien gab es eine Umfrage f\u00fcr alle Sch\u00fcler*innen und Lehrer*innen. In dieser ging es um ein m\u00f6gliches Klassenzimmer im Gr\u00fcnen, also drau\u00dfen im Freien.<\/p>\n","protected":false},"author":4,"featured_media":27868,"comment_status":"closed","ping_status":"closed","sticky":false,"template":"","format":"standard","meta":{"footnotes":""},"categories":[1,6],"tags":[71,12,72],"class_list":["post-27866","post","type-post","status-publish","format-standard","has-post-thumbnail","hentry","category-allgemein","category-unterricht","tag-gruenes-klassenzimmer","tag-smv","tag-umfrage"],"_links":{"self":[{"href":"https:\/\/www.stromberg-gymnasium.de\/index.php?rest_route=\/wp\/v2\/posts\/27866","targetHints":{"allow":["GET"]}}],"collection":[{"href":"https:\/\/www.stromberg-gymnasium.de\/index.php?rest_route=\/wp\/v2\/posts"}],"about":[{"href":"https:\/\/www.stromberg-gymnasium.de\/index.php?rest_route=\/wp\/v2\/types\/post"}],"author":[{"embeddable":true,"href":"https:\/\/www.stromberg-gymnasium.de\/index.php?rest_route=\/wp\/v2\/users\/4"}],"replies":[{"embeddable":true,"href":"https:\/\/www.stromberg-gymnasium.de\/index.php?rest_route=%2Fwp%2Fv2%2Fcomments&post=27866"}],"version-history":[{"count":5,"href":"https:\/\/www.stromberg-gymnasium.de\/index.php?rest_route=\/wp\/v2\/posts\/27866\/revisions"}],"predecessor-version":[{"id":27894,"href":"https:\/\/www.stromberg-gymnasium.de\/index.php?rest_route=\/wp\/v2\/posts\/27866\/revisions\/27894"}],"wp:featuredmedia":[{"embeddable":true,"href":"https:\/\/www.stromberg-gymnasium.de\/index.php?rest_route=\/wp\/v2\/media\/27868"}],"wp:attachment":[{"href":"https:\/\/www.stromberg-gymnasium.de\/index.php?rest_route=%2Fwp%2Fv2%2Fmedia&parent=27866"}],"wp:term":[{"taxonomy":"category","embeddable":true,"href":"https:\/\/www.stromberg-gymnasium.de\/index.php?rest_route=%2Fwp%2Fv2%2Fcategories&post=27866"},{"taxonomy":"post_tag","embeddable":true,"href":"https:\/\/www.stromberg-gymnasium.de\/index.php?rest_route=%2Fwp%2Fv2%2Ftags&post=27866"}],"curies":[{"name":"wp","href":"https:\/\/api.w.org\/{rel}","templated":true}]}}