{"id":29838,"date":"2022-11-30T10:19:26","date_gmt":"2022-11-30T09:19:26","guid":{"rendered":"https:\/\/www.stromberg-gymnasium.de\/?p=29838"},"modified":"2022-11-30T20:43:59","modified_gmt":"2022-11-30T19:43:59","slug":"fantastikinder-nehmen-ihr-20-chanson-auf","status":"publish","type":"post","link":"https:\/\/www.stromberg-gymnasium.de\/?p=29838","title":{"rendered":"Fantastikinder nehmen ihr 20. Chanson auf"},"content":{"rendered":"\n<p><em>Produktion von \u201eEs lebe l\u2019amiti\u00e9! Vive la Freundschaft!\u201c in der Vaihinger Stadthalle \u2013 Ver\u00f6ffentlichung im Januar 2023<\/em><\/p>\n\n\n<div class=\"wp-block-image\">\n<figure class=\"alignright size-medium\"><img loading=\"lazy\" decoding=\"async\" width=\"300\" height=\"169\" src=\"https:\/\/www.stromberg-gymnasium.de\/wordpress\/wp-content\/uploads\/2022\/11\/8-Vive-la-Fr-Aufn.-17.11.2022-Chorfoto-Haendereichen-Foe-300x169.jpg\" alt=\"\" class=\"wp-image-29851\" srcset=\"https:\/\/www.stromberg-gymnasium.de\/wordpress\/wp-content\/uploads\/2022\/11\/8-Vive-la-Fr-Aufn.-17.11.2022-Chorfoto-Haendereichen-Foe-300x169.jpg 300w, https:\/\/www.stromberg-gymnasium.de\/wordpress\/wp-content\/uploads\/2022\/11\/8-Vive-la-Fr-Aufn.-17.11.2022-Chorfoto-Haendereichen-Foe-768x432.jpg 768w, https:\/\/www.stromberg-gymnasium.de\/wordpress\/wp-content\/uploads\/2022\/11\/8-Vive-la-Fr-Aufn.-17.11.2022-Chorfoto-Haendereichen-Foe-360x203.jpg 360w, https:\/\/www.stromberg-gymnasium.de\/wordpress\/wp-content\/uploads\/2022\/11\/8-Vive-la-Fr-Aufn.-17.11.2022-Chorfoto-Haendereichen-Foe.jpg 1024w\" sizes=\"auto, (max-width: 300px) 100vw, 300px\" \/><\/figure>\n<\/div>\n\n\n<p>Es ist gerade erst zwei Wochen her, dass engagierte Sch\u00fclerinnen und Sch\u00fcler aus den Klassenstufen 8 bis 10 den zweisprachigen Clip des Fantastikinder-Liedes\u00a0<em>Et pourtant \u2013Und trotzdem\u00a0<\/em>vom M\u00e4rz 2022 bei der gro\u00dfen, offiziellen Gedenkfeier zum Volkstrauertag im Wei\u00dfen Saal des Neuen Schlosses vor hochrangigem Publikum vorstellten. Nun fand Mitte November in der Vaihinger Stadthalle der Aufnahmetag zum zwanzigsten\u00a0<em>Fantastikinder-<\/em>Chanson \u201eEs lebe l\u2019amiti\u00e9!\u00a0<em>Vive la Freundschaft!\u201c\u00a0<\/em>statt. <\/p>\n\n\n<div class=\"wp-block-image\">\n<figure class=\"alignleft size-medium is-resized\"><img loading=\"lazy\" decoding=\"async\" src=\"https:\/\/www.stromberg-gymnasium.de\/wordpress\/wp-content\/uploads\/2022\/11\/9-20221117_203305-169x300.jpg\" alt=\"\" class=\"wp-image-29852\" width=\"127\" height=\"225\" srcset=\"https:\/\/www.stromberg-gymnasium.de\/wordpress\/wp-content\/uploads\/2022\/11\/9-20221117_203305-169x300.jpg 169w, https:\/\/www.stromberg-gymnasium.de\/wordpress\/wp-content\/uploads\/2022\/11\/9-20221117_203305-152x270.jpg 152w, https:\/\/www.stromberg-gymnasium.de\/wordpress\/wp-content\/uploads\/2022\/11\/9-20221117_203305.jpg 576w\" sizes=\"auto, (max-width: 127px) 100vw, 127px\" \/><\/figure>\n<\/div>\n\n\n<p>Gemeinsam mit \u00fcber 20 Sch\u00fclerinnen und Sch\u00fclern des Coll\u00e8ge du Kochersberg in Truchtersheim (Elsass) verbrachten die Vaihinger Fantastikinder von Klassenstufe 6 bis 10 einen Tag voll sprachlicher, musikalischer und interkultureller Entdeckungen. Unter der bew\u00e4hrten Leitung des franz\u00f6sischen Komponisten und Musikers Monsieur N\u00f4 entstanden professionelle Bild- und Tonaufnahmen dieses zweisprachigen Liedes, dessen Text und Melodie die Jugendlichen in einem bilingualen Workshop Ende September in Truchtersheim selbst erarbeitet hatten. Neben dem musikalischen und fremdsprachlichen Arbeiten und den interessanten Einblicken in die Arbeit der Profis an Mischpult und Kamera kamen auch der interkulturelle Austausch und das pers\u00f6nliche Kennenlernen der Gleichaltrigen aus dem Nachbarland nicht zu kurz, wie die untenstehenden Bildeindr\u00fccke zeigen. Der am Aufnahmetag entstandene Videoclip wird im Januar 2023 anl\u00e4sslich einer gro\u00dfen offiziellen Feier zum deutsch-franz\u00f6sischen Freundschaftstag ver\u00f6ffentlicht.&nbsp;<\/p>\n\n\n\n<p>Seit einigen Tagen sind im \u00dcbrigen auch die ersten vier der f\u00fcnf Clips, die Ende Juni bei einem zweit\u00e4gigen Aufnahmeprojekt beider Schulen entstanden sind, auf einer \u00f6ffentlichen Videoplattform zu sehen.&nbsp;<\/p>\n\n\n\n<p>Viel Freude allen Interessierten beim Anschauen und Anh\u00f6ren der Clips und noch einmal Gratulation an alle Mitwirkenden f\u00fcr die engagierte und konzentrierte Mitarbeit w\u00e4hrend des Projekts, das tolle soziale Miteinander und die mit Spannung erwarteten und nun so gelungenen Ergebnisse!<\/p>\n\n\n\n<p>Hier einige Bildeindr\u00fccke vom Aufnahmetag Mitte November in der Vaihinger Stadthalle:&nbsp;<\/p>\n\n\n\n<figure class=\"wp-block-gallery has-nested-images columns-default is-cropped wp-block-gallery-1 is-layout-flex wp-block-gallery-is-layout-flex\">\n<figure class=\"wp-block-image size-large\"><img loading=\"lazy\" decoding=\"async\" width=\"1024\" height=\"576\" data-id=\"29846\" src=\"https:\/\/www.stromberg-gymnasium.de\/wordpress\/wp-content\/uploads\/2022\/11\/5-20221117_150314.jpg\" alt=\"\" class=\"wp-image-29846\" srcset=\"https:\/\/www.stromberg-gymnasium.de\/wordpress\/wp-content\/uploads\/2022\/11\/5-20221117_150314.jpg 1024w, https:\/\/www.stromberg-gymnasium.de\/wordpress\/wp-content\/uploads\/2022\/11\/5-20221117_150314-300x169.jpg 300w, https:\/\/www.stromberg-gymnasium.de\/wordpress\/wp-content\/uploads\/2022\/11\/5-20221117_150314-768x432.jpg 768w, https:\/\/www.stromberg-gymnasium.de\/wordpress\/wp-content\/uploads\/2022\/11\/5-20221117_150314-360x203.jpg 360w\" sizes=\"auto, (max-width: 1024px) 100vw, 1024px\" \/><\/figure>\n\n\n\n<figure class=\"wp-block-image size-large\"><img loading=\"lazy\" decoding=\"async\" width=\"1024\" height=\"576\" data-id=\"29845\" src=\"https:\/\/www.stromberg-gymnasium.de\/wordpress\/wp-content\/uploads\/2022\/11\/4-20221117_132032.jpg\" alt=\"\" class=\"wp-image-29845\" srcset=\"https:\/\/www.stromberg-gymnasium.de\/wordpress\/wp-content\/uploads\/2022\/11\/4-20221117_132032.jpg 1024w, https:\/\/www.stromberg-gymnasium.de\/wordpress\/wp-content\/uploads\/2022\/11\/4-20221117_132032-300x169.jpg 300w, https:\/\/www.stromberg-gymnasium.de\/wordpress\/wp-content\/uploads\/2022\/11\/4-20221117_132032-768x432.jpg 768w, https:\/\/www.stromberg-gymnasium.de\/wordpress\/wp-content\/uploads\/2022\/11\/4-20221117_132032-360x203.jpg 360w\" sizes=\"auto, (max-width: 1024px) 100vw, 1024px\" \/><\/figure>\n\n\n\n<figure class=\"wp-block-image size-large\"><img loading=\"lazy\" decoding=\"async\" width=\"1024\" height=\"576\" data-id=\"29849\" src=\"https:\/\/www.stromberg-gymnasium.de\/wordpress\/wp-content\/uploads\/2022\/11\/6-20221117_145534.jpg\" alt=\"\" class=\"wp-image-29849\" srcset=\"https:\/\/www.stromberg-gymnasium.de\/wordpress\/wp-content\/uploads\/2022\/11\/6-20221117_145534.jpg 1024w, https:\/\/www.stromberg-gymnasium.de\/wordpress\/wp-content\/uploads\/2022\/11\/6-20221117_145534-300x169.jpg 300w, https:\/\/www.stromberg-gymnasium.de\/wordpress\/wp-content\/uploads\/2022\/11\/6-20221117_145534-768x432.jpg 768w, https:\/\/www.stromberg-gymnasium.de\/wordpress\/wp-content\/uploads\/2022\/11\/6-20221117_145534-360x203.jpg 360w\" sizes=\"auto, (max-width: 1024px) 100vw, 1024px\" \/><\/figure>\n<\/figure>\n\n\n\n<figure class=\"wp-block-gallery has-nested-images columns-default is-cropped wp-block-gallery-2 is-layout-flex wp-block-gallery-is-layout-flex\">\n<figure class=\"wp-block-image size-large\"><img loading=\"lazy\" decoding=\"async\" width=\"1024\" height=\"576\" data-id=\"29850\" src=\"https:\/\/www.stromberg-gymnasium.de\/wordpress\/wp-content\/uploads\/2022\/11\/7-20221117_152033.jpg\" alt=\"\" class=\"wp-image-29850\" srcset=\"https:\/\/www.stromberg-gymnasium.de\/wordpress\/wp-content\/uploads\/2022\/11\/7-20221117_152033.jpg 1024w, https:\/\/www.stromberg-gymnasium.de\/wordpress\/wp-content\/uploads\/2022\/11\/7-20221117_152033-300x169.jpg 300w, https:\/\/www.stromberg-gymnasium.de\/wordpress\/wp-content\/uploads\/2022\/11\/7-20221117_152033-768x432.jpg 768w, https:\/\/www.stromberg-gymnasium.de\/wordpress\/wp-content\/uploads\/2022\/11\/7-20221117_152033-360x203.jpg 360w\" sizes=\"auto, (max-width: 1024px) 100vw, 1024px\" \/><\/figure>\n\n\n\n<figure class=\"wp-block-image size-full\"><img loading=\"lazy\" decoding=\"async\" width=\"1024\" height=\"576\" data-id=\"29844\" src=\"https:\/\/www.stromberg-gymnasium.de\/wordpress\/wp-content\/uploads\/2022\/11\/3-20221117_105014.jpg\" alt=\"\" class=\"wp-image-29844\" srcset=\"https:\/\/www.stromberg-gymnasium.de\/wordpress\/wp-content\/uploads\/2022\/11\/3-20221117_105014.jpg 1024w, https:\/\/www.stromberg-gymnasium.de\/wordpress\/wp-content\/uploads\/2022\/11\/3-20221117_105014-300x169.jpg 300w, https:\/\/www.stromberg-gymnasium.de\/wordpress\/wp-content\/uploads\/2022\/11\/3-20221117_105014-768x432.jpg 768w, https:\/\/www.stromberg-gymnasium.de\/wordpress\/wp-content\/uploads\/2022\/11\/3-20221117_105014-360x203.jpg 360w\" sizes=\"auto, (max-width: 1024px) 100vw, 1024px\" \/><\/figure>\n\n\n\n<figure class=\"wp-block-image size-full\"><img loading=\"lazy\" decoding=\"async\" width=\"1024\" height=\"768\" data-id=\"29853\" src=\"https:\/\/www.stromberg-gymnasium.de\/wordpress\/wp-content\/uploads\/2022\/11\/10-Vive-la-Freundschaft-Aufn-17.11.22-Gruppenfoto-Gall.jpg\" alt=\"\" class=\"wp-image-29853\" srcset=\"https:\/\/www.stromberg-gymnasium.de\/wordpress\/wp-content\/uploads\/2022\/11\/10-Vive-la-Freundschaft-Aufn-17.11.22-Gruppenfoto-Gall.jpg 1024w, https:\/\/www.stromberg-gymnasium.de\/wordpress\/wp-content\/uploads\/2022\/11\/10-Vive-la-Freundschaft-Aufn-17.11.22-Gruppenfoto-Gall-300x225.jpg 300w, https:\/\/www.stromberg-gymnasium.de\/wordpress\/wp-content\/uploads\/2022\/11\/10-Vive-la-Freundschaft-Aufn-17.11.22-Gruppenfoto-Gall-768x576.jpg 768w, https:\/\/www.stromberg-gymnasium.de\/wordpress\/wp-content\/uploads\/2022\/11\/10-Vive-la-Freundschaft-Aufn-17.11.22-Gruppenfoto-Gall-360x270.jpg 360w\" sizes=\"auto, (max-width: 1024px) 100vw, 1024px\" \/><\/figure>\n<\/figure>\n\n\n\n<figure class=\"wp-block-gallery has-nested-images columns-default is-cropped wp-block-gallery-3 is-layout-flex wp-block-gallery-is-layout-flex\">\n<figure class=\"wp-block-image size-large\"><img loading=\"lazy\" decoding=\"async\" width=\"1024\" height=\"683\" data-id=\"29842\" src=\"https:\/\/www.stromberg-gymnasium.de\/wordpress\/wp-content\/uploads\/2022\/11\/1-P1081958.jpg\" alt=\"\" class=\"wp-image-29842\" srcset=\"https:\/\/www.stromberg-gymnasium.de\/wordpress\/wp-content\/uploads\/2022\/11\/1-P1081958.jpg 1024w, https:\/\/www.stromberg-gymnasium.de\/wordpress\/wp-content\/uploads\/2022\/11\/1-P1081958-300x200.jpg 300w, https:\/\/www.stromberg-gymnasium.de\/wordpress\/wp-content\/uploads\/2022\/11\/1-P1081958-768x512.jpg 768w, https:\/\/www.stromberg-gymnasium.de\/wordpress\/wp-content\/uploads\/2022\/11\/1-P1081958-360x240.jpg 360w\" sizes=\"auto, (max-width: 1024px) 100vw, 1024px\" \/><\/figure>\n\n\n\n<figure class=\"wp-block-image size-full\"><img loading=\"lazy\" decoding=\"async\" width=\"1024\" height=\"576\" data-id=\"29843\" src=\"https:\/\/www.stromberg-gymnasium.de\/wordpress\/wp-content\/uploads\/2022\/11\/2-20221117_122539.jpg\" alt=\"\" class=\"wp-image-29843\" srcset=\"https:\/\/www.stromberg-gymnasium.de\/wordpress\/wp-content\/uploads\/2022\/11\/2-20221117_122539.jpg 1024w, https:\/\/www.stromberg-gymnasium.de\/wordpress\/wp-content\/uploads\/2022\/11\/2-20221117_122539-300x169.jpg 300w, https:\/\/www.stromberg-gymnasium.de\/wordpress\/wp-content\/uploads\/2022\/11\/2-20221117_122539-768x432.jpg 768w, https:\/\/www.stromberg-gymnasium.de\/wordpress\/wp-content\/uploads\/2022\/11\/2-20221117_122539-360x203.jpg 360w\" sizes=\"auto, (max-width: 1024px) 100vw, 1024px\" \/><\/figure>\n<\/figure>\n\n\n\n<p>Hier k\u00f6nnen die Videoclips der aktuellen Chansons der Fantastikinder vom Aufnahmeprojekt im Juni 2022 angesehen werden:&nbsp;<\/p>\n\n\n\n<p><strong>UND TROTZDEM.&nbsp;&nbsp;<\/strong><a href=\"https:\/\/www.youtube.com\/watch?v=xIjhIlwTLSk\"><strong>https:\/\/www.youtube.com\/watch?v=xIjhIlwTLSk<\/strong><\/a><strong><\/strong><\/p>\n\n\n\n<p>Das Lied \u201eUnd trotzdem\u201c erz\u00e4hlt von zwei Soldaten, die gegeneinander k\u00e4mpfen m\u00fcssen und einander doch so \u00e4hnlich sind, dass sie eigentlich Br\u00fcder sein k\u00f6nnten. Entstanden in einem Sch\u00fclerworkshop anl\u00e4sslich der im November stattfindenden Gedenkfeiern an die Opfer der Weltkriege, ruft es zu Frieden und Vers\u00f6hnung auf und beinhaltet auch Archivmaterial aus dem ersten Weltkrieg.&nbsp;<\/p>\n\n\n\n<p><strong>DU MACHST AUS MIR.&nbsp;<a href=\"https:\/\/www.youtube.com\/watch?v=Aho9jqTotQ4\">https:\/\/www.youtube.com\/watch?v=Aho9jqTotQ4<\/a><\/strong><\/p>\n\n\n\n<p><strong>WACHSAM SEIN.&nbsp;<a href=\"https:\/\/www.youtube.com\/watch?v=Z2_iWcWnYcw\">https:\/\/www.youtube.com\/watch?v=Z2_iWcWnYcw<\/a><\/strong><a href=\"https:\/\/www.youtube.com\/watch?v=_Sf7mGsVasM\"><strong><\/strong><\/a><strong><\/strong><\/p>\n\n\n\n<p><strong>IRREN IST DEIN RECHT.&nbsp;&nbsp;<a href=\"https:\/\/www.youtube.com\/watch?v=7JF6sq3seiA\">https:\/\/www.youtube.com\/watch?v=7JF6sq3seiA<\/a><\/strong><\/p>\n","protected":false},"excerpt":{"rendered":"<p>Gemeinsam mit \u00fcber 20 Sch\u00fclerinnen und Sch\u00fclern des Coll\u00e8ge du Kochersberg in Truchtersheim (Elsass) verbrachten die Vaihinger Fantastikinder von Klassenstufe 6 bis 10 einen Tag voll sprachlicher, musikalischer und interkultureller Entdeckungen. <\/p>\n","protected":false},"author":7,"featured_media":29856,"comment_status":"closed","ping_status":"closed","sticky":false,"template":"","format":"standard","meta":{"footnotes":""},"categories":[1],"tags":[29,25,15],"class_list":["post-29838","post","type-post","status-publish","format-standard","has-post-thumbnail","hentry","category-allgemein","tag-franzoesisch","tag-musik","tag-projekte"],"_links":{"self":[{"href":"https:\/\/www.stromberg-gymnasium.de\/index.php?rest_route=\/wp\/v2\/posts\/29838","targetHints":{"allow":["GET"]}}],"collection":[{"href":"https:\/\/www.stromberg-gymnasium.de\/index.php?rest_route=\/wp\/v2\/posts"}],"about":[{"href":"https:\/\/www.stromberg-gymnasium.de\/index.php?rest_route=\/wp\/v2\/types\/post"}],"author":[{"embeddable":true,"href":"https:\/\/www.stromberg-gymnasium.de\/index.php?rest_route=\/wp\/v2\/users\/7"}],"replies":[{"embeddable":true,"href":"https:\/\/www.stromberg-gymnasium.de\/index.php?rest_route=%2Fwp%2Fv2%2Fcomments&post=29838"}],"version-history":[{"count":9,"href":"https:\/\/www.stromberg-gymnasium.de\/index.php?rest_route=\/wp\/v2\/posts\/29838\/revisions"}],"predecessor-version":[{"id":29863,"href":"https:\/\/www.stromberg-gymnasium.de\/index.php?rest_route=\/wp\/v2\/posts\/29838\/revisions\/29863"}],"wp:featuredmedia":[{"embeddable":true,"href":"https:\/\/www.stromberg-gymnasium.de\/index.php?rest_route=\/wp\/v2\/media\/29856"}],"wp:attachment":[{"href":"https:\/\/www.stromberg-gymnasium.de\/index.php?rest_route=%2Fwp%2Fv2%2Fmedia&parent=29838"}],"wp:term":[{"taxonomy":"category","embeddable":true,"href":"https:\/\/www.stromberg-gymnasium.de\/index.php?rest_route=%2Fwp%2Fv2%2Fcategories&post=29838"},{"taxonomy":"post_tag","embeddable":true,"href":"https:\/\/www.stromberg-gymnasium.de\/index.php?rest_route=%2Fwp%2Fv2%2Ftags&post=29838"}],"curies":[{"name":"wp","href":"https:\/\/api.w.org\/{rel}","templated":true}]}}