{"id":30051,"date":"2023-02-02T17:00:00","date_gmt":"2023-02-02T16:00:00","guid":{"rendered":"https:\/\/www.stromberg-gymnasium.de\/?p=30051"},"modified":"2023-02-01T20:38:12","modified_gmt":"2023-02-01T19:38:12","slug":"jeder-fuer-sich-ein-grossartiger-solist-zusammen-ein-tolles-ensemble","status":"publish","type":"post","link":"https:\/\/www.stromberg-gymnasium.de\/?p=30051","title":{"rendered":"Jeder f\u00fcr sich ein gro\u00dfartiger Solist, zusammen ein tolles Ensemble"},"content":{"rendered":"<div class=\"wp-block-image\">\n<figure class=\"alignleft size-medium\"><img loading=\"lazy\" decoding=\"async\" width=\"300\" height=\"254\" src=\"https:\/\/www.stromberg-gymnasium.de\/wordpress\/wp-content\/uploads\/2023\/02\/MatineeMusikLK23_1-300x254.jpg\" alt=\"\" class=\"wp-image-30052\" srcset=\"https:\/\/www.stromberg-gymnasium.de\/wordpress\/wp-content\/uploads\/2023\/02\/MatineeMusikLK23_1-300x254.jpg 300w, https:\/\/www.stromberg-gymnasium.de\/wordpress\/wp-content\/uploads\/2023\/02\/MatineeMusikLK23_1-768x651.jpg 768w, https:\/\/www.stromberg-gymnasium.de\/wordpress\/wp-content\/uploads\/2023\/02\/MatineeMusikLK23_1-318x270.jpg 318w, https:\/\/www.stromberg-gymnasium.de\/wordpress\/wp-content\/uploads\/2023\/02\/MatineeMusikLK23_1.jpg 1000w\" sizes=\"auto, (max-width: 300px) 100vw, 300px\" \/><\/figure>\n<\/div>\n\n\n<p>Nicht nur, dass Friedrich Nietzsche ein Leben ohne Musik f\u00fcr einen \u201eIrrtum\u201c hielt, er hat sie auch als \u201esozialste aller K\u00fcnste\u201c bezeichnet. Thorsten Hohensee, Englisch- und Musiklehrer am Stromberg-Gymnasium, formuliert den gleichen Gedanken poetischer: \u201eMusik wird erst interessant und zur Musik, wenn man sie anderen Leuten vorspielt.\u201c Das geradezu magische Empfinden, das entsteht, wenn Musik zur Musik wird, erlebte das Publikum im Foyer des Stromberg-Gymnasiums am vergangenen Sonntagvormittag hautnah. Sch\u00fclerinnen und Sch\u00fcler, Eltern sowie Kolleginnen und Kollegen hatten sich zu dieser ungew\u00f6hnlichen Zeit an der Schule eingefunden, um den Kl\u00e4ngen des Musik-Leistungskurses zu lauschen. F\u00fcr die Sch\u00fclerinnen und Sch\u00fcler des Stromberg-Gymnasiums und des Friedrich-Abel-Gymnasiums, die diesen Kurs besuchen, war die Auff\u00fchrung eine Art Generalprobe: Die dargebotenen St\u00fccke werden sie in K\u00fcrze im Rahmen des fachpraktischen Teils ihres Abiturs einer Pr\u00fcfungskommission vorspielen.<\/p>\n\n\n<div class=\"wp-block-image\">\n<figure class=\"alignright size-medium\"><img loading=\"lazy\" decoding=\"async\" width=\"216\" height=\"300\" src=\"https:\/\/www.stromberg-gymnasium.de\/wordpress\/wp-content\/uploads\/2023\/02\/MatineeMusikLK23_2-216x300.jpg\" alt=\"\" class=\"wp-image-30053\" srcset=\"https:\/\/www.stromberg-gymnasium.de\/wordpress\/wp-content\/uploads\/2023\/02\/MatineeMusikLK23_2-216x300.jpg 216w, https:\/\/www.stromberg-gymnasium.de\/wordpress\/wp-content\/uploads\/2023\/02\/MatineeMusikLK23_2-194x270.jpg 194w, https:\/\/www.stromberg-gymnasium.de\/wordpress\/wp-content\/uploads\/2023\/02\/MatineeMusikLK23_2.jpg 720w\" sizes=\"auto, (max-width: 216px) 100vw, 216px\" \/><\/figure>\n<\/div>\n\n\n<p>F\u00fcr ihre Matinee am Sonntagmorgen hatten sich die Muszierenden einen besonders schwungvollen Auftakt ausgedacht: Mit Klangr\u00f6hren, so genannten \u201eBoomwhackers\u201c, ausgestattet zogen sie auf \u00e4u\u00dferst rhythmische Art und Weise durch die Sitzreihen hindurch ins Foyer ein. Auf der B\u00fchne bew\u00e4hrte sich als erste Janine Hunt mit ihrer virtuosen Darbietung einer Klaviersonate aus dem Werk von Joseph Haydn. Mit dem freudigen, lebhaften Musikst\u00fcck \u201eKumru\u201c des t\u00fcrkischen Pianisten und Komponisten Faz<em><strong>\u0131<\/strong><\/em>l Say stellte sie anschlie\u00dfend erneut ihre gro\u00dfe Musikalit\u00e4t, aber auch ihre Vielseitigkeit unter Beweis.<\/p>\n\n\n<div class=\"wp-block-image\">\n<figure class=\"alignleft size-medium\"><img loading=\"lazy\" decoding=\"async\" width=\"300\" height=\"225\" src=\"https:\/\/www.stromberg-gymnasium.de\/wordpress\/wp-content\/uploads\/2023\/02\/MatineeMusikLK23_3-300x225.jpg\" alt=\"\" class=\"wp-image-30054\" srcset=\"https:\/\/www.stromberg-gymnasium.de\/wordpress\/wp-content\/uploads\/2023\/02\/MatineeMusikLK23_3-300x225.jpg 300w, https:\/\/www.stromberg-gymnasium.de\/wordpress\/wp-content\/uploads\/2023\/02\/MatineeMusikLK23_3-768x576.jpg 768w, https:\/\/www.stromberg-gymnasium.de\/wordpress\/wp-content\/uploads\/2023\/02\/MatineeMusikLK23_3-360x270.jpg 360w, https:\/\/www.stromberg-gymnasium.de\/wordpress\/wp-content\/uploads\/2023\/02\/MatineeMusikLK23_3.jpg 1000w\" sizes=\"auto, (max-width: 300px) 100vw, 300px\" \/><\/figure>\n<\/div>\n\n\n<p>F\u00fcr den n\u00e4chsten musikalischen H\u00f6hepunkt sorgte Katharina Denk mit einem beschwingten und abwechslungsreichen Violinkonzert, bei dem sie auch die technisch anspruchsvollen Stellen scheinbar m\u00fchelos meisterte. Eduard Holz\u00e4pfel zog daraufhin das Publikum auf der Gitarre in seinen Bann: Bei seinem Musikst\u00fcck spanischer Herkunft setzte er zarte, aber auch leidenschaftliche und rhythmische Akzente und sch\u00f6pfte so das gesamte Klangspektrum seiner Gitarre bravour\u00f6s aus.<\/p>\n\n\n<div class=\"wp-block-image\">\n<figure class=\"alignright size-medium\"><img loading=\"lazy\" decoding=\"async\" width=\"300\" height=\"241\" src=\"https:\/\/www.stromberg-gymnasium.de\/wordpress\/wp-content\/uploads\/2023\/02\/MatineeMusikLK23_4-300x241.jpg\" alt=\"\" class=\"wp-image-30055\" srcset=\"https:\/\/www.stromberg-gymnasium.de\/wordpress\/wp-content\/uploads\/2023\/02\/MatineeMusikLK23_4-300x241.jpg 300w, https:\/\/www.stromberg-gymnasium.de\/wordpress\/wp-content\/uploads\/2023\/02\/MatineeMusikLK23_4-768x617.jpg 768w, https:\/\/www.stromberg-gymnasium.de\/wordpress\/wp-content\/uploads\/2023\/02\/MatineeMusikLK23_4-336x270.jpg 336w, https:\/\/www.stromberg-gymnasium.de\/wordpress\/wp-content\/uploads\/2023\/02\/MatineeMusikLK23_4.jpg 1000w\" sizes=\"auto, (max-width: 300px) 100vw, 300px\" \/><\/figure>\n<\/div>\n\n\n<p>An Holz\u00e4pfels rhythmische Akzente kn\u00fcpfte Jonas Dohn mit insgesamt drei St\u00fccken auf der Pauke und am Drumset nahtlos an. Als \u00e4u\u00dferst beeindruckend erwies sich dabei vor allem seine Improvisationskunst. Zudem wurde mancher Zuh\u00f6rerin und manchem Zuh\u00f6rer dank seiner temperamentvollen Darbietung erst bewusst, welch unterschiedliche Kl\u00e4nge ein Meister seines Fachs einem Schlagzeug entlocken kann.<\/p>\n\n\n<div class=\"wp-block-image\">\n<figure class=\"alignleft size-medium\"><img loading=\"lazy\" decoding=\"async\" width=\"300\" height=\"225\" src=\"https:\/\/www.stromberg-gymnasium.de\/wordpress\/wp-content\/uploads\/2023\/02\/MatineeMusikLK23_5-300x225.jpg\" alt=\"\" class=\"wp-image-30056\" srcset=\"https:\/\/www.stromberg-gymnasium.de\/wordpress\/wp-content\/uploads\/2023\/02\/MatineeMusikLK23_5-300x225.jpg 300w, https:\/\/www.stromberg-gymnasium.de\/wordpress\/wp-content\/uploads\/2023\/02\/MatineeMusikLK23_5-768x576.jpg 768w, https:\/\/www.stromberg-gymnasium.de\/wordpress\/wp-content\/uploads\/2023\/02\/MatineeMusikLK23_5-360x270.jpg 360w, https:\/\/www.stromberg-gymnasium.de\/wordpress\/wp-content\/uploads\/2023\/02\/MatineeMusikLK23_5.jpg 1000w\" sizes=\"auto, (max-width: 300px) 100vw, 300px\" \/><\/figure>\n<\/div>\n\n\n<p>Nach der Pause, in der die Jahrgangsstufe 2 eine wohlschmeckende St\u00e4rkung bereithielt, entf\u00fchrten die Musizierenden ihr Publikum in die Epoche des Barock. In einem Ensemblest\u00fcck von Georg Philipp Telemann brillierten Amelie Bauer auf der Blockfl\u00f6te, Katharina Denk und Ambrus N\u00e9meth auf ihren Violinen, Janine Hunt am Klavier und Thorsten Hohensee auf der Oboe. Wie gut die Mitwirkenden aufeinander eingespielt waren, zeigte sich daran, wie sich ihre Instrumente klanglich gleichsam verschr\u00e4nkten, sich geradezu zu imitieren schienen und doch ihre ureigene Klangwelt zu keinem Zeitpunkt verleugneten. Noch ein wenig in der Epoche des Barock verweilen lie\u00df Ambrus N\u00e9meth die Zuh\u00f6renden mit einem klanglich h\u00f6chst angenehmen Satz aus einer Violinsonate von Georg Friedrich H\u00e4ndel. Er beschloss seinen musikalischen Beitrag mit einem Satz aus einem Violinkonzert von Oskar Rieding, den er mit nuanciertem Spiel intonierte.<\/p>\n\n\n<div class=\"wp-block-image\">\n<figure class=\"alignright size-medium\"><img loading=\"lazy\" decoding=\"async\" width=\"300\" height=\"278\" src=\"https:\/\/www.stromberg-gymnasium.de\/wordpress\/wp-content\/uploads\/2023\/02\/MatineeMusikLK23_6-300x278.jpg\" alt=\"\" class=\"wp-image-30057\" srcset=\"https:\/\/www.stromberg-gymnasium.de\/wordpress\/wp-content\/uploads\/2023\/02\/MatineeMusikLK23_6-300x278.jpg 300w, https:\/\/www.stromberg-gymnasium.de\/wordpress\/wp-content\/uploads\/2023\/02\/MatineeMusikLK23_6-768x711.jpg 768w, https:\/\/www.stromberg-gymnasium.de\/wordpress\/wp-content\/uploads\/2023\/02\/MatineeMusikLK23_6-292x270.jpg 292w, https:\/\/www.stromberg-gymnasium.de\/wordpress\/wp-content\/uploads\/2023\/02\/MatineeMusikLK23_6.jpg 1000w\" sizes=\"auto, (max-width: 300px) 100vw, 300px\" \/><\/figure>\n<\/div>\n\n<div class=\"wp-block-image\">\n<figure class=\"alignleft size-medium\"><img loading=\"lazy\" decoding=\"async\" width=\"225\" height=\"300\" src=\"https:\/\/www.stromberg-gymnasium.de\/wordpress\/wp-content\/uploads\/2023\/02\/MatineeMusikLK23_7-225x300.jpg\" alt=\"\" class=\"wp-image-30058\" srcset=\"https:\/\/www.stromberg-gymnasium.de\/wordpress\/wp-content\/uploads\/2023\/02\/MatineeMusikLK23_7-225x300.jpg 225w, https:\/\/www.stromberg-gymnasium.de\/wordpress\/wp-content\/uploads\/2023\/02\/MatineeMusikLK23_7-203x270.jpg 203w, https:\/\/www.stromberg-gymnasium.de\/wordpress\/wp-content\/uploads\/2023\/02\/MatineeMusikLK23_7.jpg 750w\" sizes=\"auto, (max-width: 225px) 100vw, 225px\" \/><\/figure>\n<\/div>\n\n\n<p>Mag das Instrument der Altblockfl\u00f6te zun\u00e4chst Assoziationen zu eher getragenen und schweren Kl\u00e4ngen hervorrufen, so trat Amelie Bauer mit ihrer virtuosen Handhabung dieses Instruments den Gegenbeweis an. Mit der dritten Caprice der \u201e12 Grands Caprices\u201c von Narcisse Bousquet hatte sie ein fr\u00f6hliches St\u00fcck mit nachgerade kecken Passagen auf Lager und schuf so eine ganz eigene klangliche Atmosph\u00e4re.<\/p>\n\n\n<div class=\"wp-block-image\">\n<figure class=\"alignright size-medium\"><img loading=\"lazy\" decoding=\"async\" width=\"225\" height=\"300\" src=\"https:\/\/www.stromberg-gymnasium.de\/wordpress\/wp-content\/uploads\/2023\/02\/MatineeMusikLK23_8-225x300.jpg\" alt=\"\" class=\"wp-image-30059\" srcset=\"https:\/\/www.stromberg-gymnasium.de\/wordpress\/wp-content\/uploads\/2023\/02\/MatineeMusikLK23_8-225x300.jpg 225w, https:\/\/www.stromberg-gymnasium.de\/wordpress\/wp-content\/uploads\/2023\/02\/MatineeMusikLK23_8-203x270.jpg 203w, https:\/\/www.stromberg-gymnasium.de\/wordpress\/wp-content\/uploads\/2023\/02\/MatineeMusikLK23_8.jpg 750w\" sizes=\"auto, (max-width: 225px) 100vw, 225px\" \/><\/figure>\n<\/div>\n\n\n<p>H\u00f6chst atmosph\u00e4risch mutete auch die folgende Darbietung von Franziska Liebers an, die mit ihrem facettenreichen Sopran \u00fcberzeugte und bewies, welch ein erhabenes Instrument die menschliche Stimme sein kann. Mit Andrew Lloyd Webbers \u201eLove never dies\u201c entf\u00fchrte sie das Publikum in die Welt des gleichnamigen Musicals. In diesem und im folgenden Musikst\u00fcck, \u201eShe\u2019s Always a Woman\u201c von Billy Joel, lie\u00df die Sopranistin durch mit sehr viel Liebe zum Detail erarbeitete Passagen aufhorchen.<\/p>\n\n\n<div class=\"wp-block-image\">\n<figure class=\"alignleft size-medium\"><img loading=\"lazy\" decoding=\"async\" width=\"300\" height=\"225\" src=\"https:\/\/www.stromberg-gymnasium.de\/wordpress\/wp-content\/uploads\/2023\/02\/MatineeMusikLK23_9-300x225.jpg\" alt=\"\" class=\"wp-image-30060\" srcset=\"https:\/\/www.stromberg-gymnasium.de\/wordpress\/wp-content\/uploads\/2023\/02\/MatineeMusikLK23_9-300x225.jpg 300w, https:\/\/www.stromberg-gymnasium.de\/wordpress\/wp-content\/uploads\/2023\/02\/MatineeMusikLK23_9-768x576.jpg 768w, https:\/\/www.stromberg-gymnasium.de\/wordpress\/wp-content\/uploads\/2023\/02\/MatineeMusikLK23_9-360x270.jpg 360w, https:\/\/www.stromberg-gymnasium.de\/wordpress\/wp-content\/uploads\/2023\/02\/MatineeMusikLK23_9.jpg 1000w\" sizes=\"auto, (max-width: 300px) 100vw, 300px\" \/><\/figure>\n<\/div>\n\n\n<p>Widmete sich Liebers ganz den gro\u00dfen Gef\u00fchlen, so war der nachfolgende Beitrag mit gro\u00dfem logistischem Aufwand verbunden. Niklas Beller hatte daf\u00fcr eigens sein Marimbaphon, ein Instrument aus der Familie der Xylophone mit gigantischen Ma\u00dfen, an die Schule transportiert und vor Ort aufgebaut. Die M\u00fche hatte sich gelohnt: Mit seinem sehr rhythmischen, differenzierten und sicheren Spiel reizte er sein Instrument klanglich aus und nahm das Publikum spielend f\u00fcr sich ein.<\/p>\n\n\n<div class=\"wp-block-image\">\n<figure class=\"alignright size-medium\"><img loading=\"lazy\" decoding=\"async\" width=\"225\" height=\"300\" src=\"https:\/\/www.stromberg-gymnasium.de\/wordpress\/wp-content\/uploads\/2023\/02\/MatineeMusikLK23_10-225x300.jpg\" alt=\"\" class=\"wp-image-30061\" srcset=\"https:\/\/www.stromberg-gymnasium.de\/wordpress\/wp-content\/uploads\/2023\/02\/MatineeMusikLK23_10-225x300.jpg 225w, https:\/\/www.stromberg-gymnasium.de\/wordpress\/wp-content\/uploads\/2023\/02\/MatineeMusikLK23_10-203x270.jpg 203w, https:\/\/www.stromberg-gymnasium.de\/wordpress\/wp-content\/uploads\/2023\/02\/MatineeMusikLK23_10.jpg 750w\" sizes=\"auto, (max-width: 225px) 100vw, 225px\" \/><\/figure>\n<\/div>\n\n\n<p>In Sachen Rhythmus stand ihm Eduard Holz\u00e4pfel in nichts nach. Nachdem er zuvor bereits auf der akustischen Gitarre \u00fcberzeugt hatte, st\u00f6pselte er nun seine E-Gitarre ein und spielte das 2021 erschienene St\u00fcck \u201eSolus\u201c der Death-Metal-Band First Fragment \u00e4u\u00dferst kraftvoll und temporeich.<\/p>\n\n\n<div class=\"wp-block-image\">\n<figure class=\"alignleft size-medium\"><img loading=\"lazy\" decoding=\"async\" width=\"300\" height=\"154\" src=\"https:\/\/www.stromberg-gymnasium.de\/wordpress\/wp-content\/uploads\/2023\/02\/MatineeMusikLK23_11-300x154.jpg\" alt=\"\" class=\"wp-image-30062\" srcset=\"https:\/\/www.stromberg-gymnasium.de\/wordpress\/wp-content\/uploads\/2023\/02\/MatineeMusikLK23_11-300x154.jpg 300w, https:\/\/www.stromberg-gymnasium.de\/wordpress\/wp-content\/uploads\/2023\/02\/MatineeMusikLK23_11-768x394.jpg 768w, https:\/\/www.stromberg-gymnasium.de\/wordpress\/wp-content\/uploads\/2023\/02\/MatineeMusikLK23_11-360x185.jpg 360w, https:\/\/www.stromberg-gymnasium.de\/wordpress\/wp-content\/uploads\/2023\/02\/MatineeMusikLK23_11.jpg 1000w\" sizes=\"auto, (max-width: 300px) 100vw, 300px\" \/><\/figure>\n<\/div>\n\n\n<p>Am Ende des Programms fanden sich zu Adeles \u201eSkyfall\u201c aus dem gleichnamigen James-Bond-Film von 2012 alle Mitwirkenden nochmals auf der B\u00fchne ein und begleiteten den Gesang von Franziska Liebers auf ihren Instrumenten, wobei sie durch ihr harmonisches Zusammenspiel bestachen. Damit sorgten sie nicht nur f\u00fcr einen gelungenen Schlusspunkt des Konzerts, sondern bewiesen auch eines: Entgegen der in Musikerkreisen verbreiteten Ansicht k\u00f6nnen gute Solisten sehr wohl auch ein hervorragendes Ensemble bilden.<\/p>\n\n\n\n<p>Als bestes Omen f\u00fcr die nun bevorstehenden fachpraktischen Pr\u00fcfungen kann sicher der anhaltende Applaus gewertet werden, der aufbrandete, nachdem der letzte Ton verklungen war. Denn das Publikum irrt bekanntlich nie.<\/p>\n\n\n<div class=\"wp-block-image\">\n<figure class=\"aligncenter size-full\"><img loading=\"lazy\" decoding=\"async\" width=\"1000\" height=\"750\" src=\"https:\/\/www.stromberg-gymnasium.de\/wordpress\/wp-content\/uploads\/2023\/02\/MatineeMusikLK23_12.jpg\" alt=\"\" class=\"wp-image-30063\" srcset=\"https:\/\/www.stromberg-gymnasium.de\/wordpress\/wp-content\/uploads\/2023\/02\/MatineeMusikLK23_12.jpg 1000w, https:\/\/www.stromberg-gymnasium.de\/wordpress\/wp-content\/uploads\/2023\/02\/MatineeMusikLK23_12-300x225.jpg 300w, https:\/\/www.stromberg-gymnasium.de\/wordpress\/wp-content\/uploads\/2023\/02\/MatineeMusikLK23_12-768x576.jpg 768w, https:\/\/www.stromberg-gymnasium.de\/wordpress\/wp-content\/uploads\/2023\/02\/MatineeMusikLK23_12-360x270.jpg 360w\" sizes=\"auto, (max-width: 1000px) 100vw, 1000px\" \/><\/figure>\n<\/div>\n\n\n<p class=\"has-text-align-right\"><em>Bericht: Hs\/Sy; Fotos: Sy<\/em><\/p>\n","protected":false},"excerpt":{"rendered":"<p>Matinee am Stromberg-Gymnasium \u2013 Abiturkurs f\u00fchrt Pr\u00fcfungsst\u00fccke \u00f6ffentlich auf<\/p>\n","protected":false},"author":1,"featured_media":30064,"comment_status":"closed","ping_status":"closed","sticky":false,"template":"","format":"standard","meta":{"footnotes":""},"categories":[6,4],"tags":[25],"class_list":["post-30051","post","type-post","status-publish","format-standard","has-post-thumbnail","hentry","category-unterricht","category-veranstaltungen","tag-musik"],"_links":{"self":[{"href":"https:\/\/www.stromberg-gymnasium.de\/index.php?rest_route=\/wp\/v2\/posts\/30051","targetHints":{"allow":["GET"]}}],"collection":[{"href":"https:\/\/www.stromberg-gymnasium.de\/index.php?rest_route=\/wp\/v2\/posts"}],"about":[{"href":"https:\/\/www.stromberg-gymnasium.de\/index.php?rest_route=\/wp\/v2\/types\/post"}],"author":[{"embeddable":true,"href":"https:\/\/www.stromberg-gymnasium.de\/index.php?rest_route=\/wp\/v2\/users\/1"}],"replies":[{"embeddable":true,"href":"https:\/\/www.stromberg-gymnasium.de\/index.php?rest_route=%2Fwp%2Fv2%2Fcomments&post=30051"}],"version-history":[{"count":3,"href":"https:\/\/www.stromberg-gymnasium.de\/index.php?rest_route=\/wp\/v2\/posts\/30051\/revisions"}],"predecessor-version":[{"id":30068,"href":"https:\/\/www.stromberg-gymnasium.de\/index.php?rest_route=\/wp\/v2\/posts\/30051\/revisions\/30068"}],"wp:featuredmedia":[{"embeddable":true,"href":"https:\/\/www.stromberg-gymnasium.de\/index.php?rest_route=\/wp\/v2\/media\/30064"}],"wp:attachment":[{"href":"https:\/\/www.stromberg-gymnasium.de\/index.php?rest_route=%2Fwp%2Fv2%2Fmedia&parent=30051"}],"wp:term":[{"taxonomy":"category","embeddable":true,"href":"https:\/\/www.stromberg-gymnasium.de\/index.php?rest_route=%2Fwp%2Fv2%2Fcategories&post=30051"},{"taxonomy":"post_tag","embeddable":true,"href":"https:\/\/www.stromberg-gymnasium.de\/index.php?rest_route=%2Fwp%2Fv2%2Ftags&post=30051"}],"curies":[{"name":"wp","href":"https:\/\/api.w.org\/{rel}","templated":true}]}}