{"id":30579,"date":"2023-07-26T18:48:44","date_gmt":"2023-07-26T16:48:44","guid":{"rendered":"https:\/\/www.stromberg-gymnasium.de\/?p=30579"},"modified":"2023-07-28T16:56:33","modified_gmt":"2023-07-28T14:56:33","slug":"schoene-ferien","status":"publish","type":"post","link":"https:\/\/www.stromberg-gymnasium.de\/?p=30579","title":{"rendered":"Sch\u00f6ne Ferien!"},"content":{"rendered":"\n<p>Der letzte Schultag vor den Sommerferien begann am Stromberg-Gymnasium traditionellerweise mit einem Gottesdienst, der von der Fachschaft Religion gestaltet wurde. In einer gemeinsamen Schuljahresabschlussfeier \u2013 bereichert durch hochwertige musikalische Beitr\u00e4ge \u2013 wurden anschlie\u00dfend Sch\u00fclerinnen und Sch\u00fcler f\u00fcr herausragende Leistungen bei Wettbewerben oder f\u00fcr besonderes Engagement gew\u00fcrdigt. Der Schultag endete mit der \u00dcbergabe der Zeugnisse durch die Klassenlehrerinnen und Klassenlehrer. Egal, wie sie ausgefallen sind \u2013 wir w\u00fcnschen allen Sch\u00fclerinnen und Sch\u00fclern und ihren Eltern sch\u00f6ne, erholsame Ferien und freuen uns aufs Wiedersehen im September!<\/p>\n\n\n\n<p class=\"has-text-align-right\"><em>Fotos: Sy<\/em><\/p>\n\n\n\n<figure class=\"wp-block-gallery has-nested-images columns-default is-cropped wp-block-gallery-1 is-layout-flex wp-block-gallery-is-layout-flex\">\n<figure class=\"wp-block-image size-large\"><img loading=\"lazy\" decoding=\"async\" width=\"750\" height=\"1000\" data-id=\"30582\" src=\"https:\/\/www.stromberg-gymnasium.de\/wordpress\/wp-content\/uploads\/2023\/07\/Abschluss23_1.jpg\" alt=\"\" class=\"wp-image-30582\" srcset=\"https:\/\/www.stromberg-gymnasium.de\/wordpress\/wp-content\/uploads\/2023\/07\/Abschluss23_1.jpg 750w, https:\/\/www.stromberg-gymnasium.de\/wordpress\/wp-content\/uploads\/2023\/07\/Abschluss23_1-225x300.jpg 225w, https:\/\/www.stromberg-gymnasium.de\/wordpress\/wp-content\/uploads\/2023\/07\/Abschluss23_1-203x270.jpg 203w\" sizes=\"auto, (max-width: 750px) 100vw, 750px\" \/><figcaption class=\"wp-element-caption\">Herr Bertrams f\u00fchrt in den Gottesdienst ein, der unter dem Motto steht: \u201eIch packe meinen Koffer\u2026!\u201c.<\/figcaption><\/figure>\n\n\n\n<figure class=\"wp-block-image size-large\"><img loading=\"lazy\" decoding=\"async\" width=\"1000\" height=\"750\" data-id=\"30588\" src=\"https:\/\/www.stromberg-gymnasium.de\/wordpress\/wp-content\/uploads\/2023\/07\/Abschluss23_11.jpg\" alt=\"\" class=\"wp-image-30588\" srcset=\"https:\/\/www.stromberg-gymnasium.de\/wordpress\/wp-content\/uploads\/2023\/07\/Abschluss23_11.jpg 1000w, https:\/\/www.stromberg-gymnasium.de\/wordpress\/wp-content\/uploads\/2023\/07\/Abschluss23_11-300x225.jpg 300w, https:\/\/www.stromberg-gymnasium.de\/wordpress\/wp-content\/uploads\/2023\/07\/Abschluss23_11-768x576.jpg 768w, https:\/\/www.stromberg-gymnasium.de\/wordpress\/wp-content\/uploads\/2023\/07\/Abschluss23_11-360x270.jpg 360w\" sizes=\"auto, (max-width: 1000px) 100vw, 1000px\" \/><figcaption class=\"wp-element-caption\">Musikalischer Einstieg: \u201eGeh\u2018 aus mein Herz und suche Freud\u2018\u201c<\/figcaption><\/figure>\n\n\n\n<figure class=\"wp-block-image size-large\"><img loading=\"lazy\" decoding=\"async\" width=\"750\" height=\"1000\" data-id=\"30593\" src=\"https:\/\/www.stromberg-gymnasium.de\/wordpress\/wp-content\/uploads\/2023\/07\/Abschluss23_12.jpg\" alt=\"\" class=\"wp-image-30593\" srcset=\"https:\/\/www.stromberg-gymnasium.de\/wordpress\/wp-content\/uploads\/2023\/07\/Abschluss23_12.jpg 750w, https:\/\/www.stromberg-gymnasium.de\/wordpress\/wp-content\/uploads\/2023\/07\/Abschluss23_12-225x300.jpg 225w, https:\/\/www.stromberg-gymnasium.de\/wordpress\/wp-content\/uploads\/2023\/07\/Abschluss23_12-203x270.jpg 203w\" sizes=\"auto, (max-width: 750px) 100vw, 750px\" \/><figcaption class=\"wp-element-caption\">In einem Rollenspiel er\u00f6rtern drei Sch\u00fclerinnen und ein Sch\u00fcler aus Klassenstufe 9, welchen Kofferinhalt sie f\u00fcr sinnvoll erachten.<\/figcaption><\/figure>\n\n\n\n<figure class=\"wp-block-image size-large\"><img loading=\"lazy\" decoding=\"async\" width=\"750\" height=\"1000\" data-id=\"30594\" src=\"https:\/\/www.stromberg-gymnasium.de\/wordpress\/wp-content\/uploads\/2023\/07\/Abschluss23_13.jpg\" alt=\"\" class=\"wp-image-30594\" srcset=\"https:\/\/www.stromberg-gymnasium.de\/wordpress\/wp-content\/uploads\/2023\/07\/Abschluss23_13.jpg 750w, https:\/\/www.stromberg-gymnasium.de\/wordpress\/wp-content\/uploads\/2023\/07\/Abschluss23_13-225x300.jpg 225w, https:\/\/www.stromberg-gymnasium.de\/wordpress\/wp-content\/uploads\/2023\/07\/Abschluss23_13-203x270.jpg 203w\" sizes=\"auto, (max-width: 750px) 100vw, 750px\" \/><figcaption class=\"wp-element-caption\">\u201ePacken wir leichte Koffer und machen wir uns auf den Weg\u201c: Herr Bertrams r\u00e4t in seiner Predigt zu leichtem Gep\u00e4ck und mutigem Aufbruch.<\/figcaption><\/figure>\n\n\n\n<figure class=\"wp-block-image size-large\"><img loading=\"lazy\" decoding=\"async\" width=\"1000\" height=\"750\" data-id=\"30595\" src=\"https:\/\/www.stromberg-gymnasium.de\/wordpress\/wp-content\/uploads\/2023\/07\/Abschluss23_14.jpg\" alt=\"\" class=\"wp-image-30595\" srcset=\"https:\/\/www.stromberg-gymnasium.de\/wordpress\/wp-content\/uploads\/2023\/07\/Abschluss23_14.jpg 1000w, https:\/\/www.stromberg-gymnasium.de\/wordpress\/wp-content\/uploads\/2023\/07\/Abschluss23_14-300x225.jpg 300w, https:\/\/www.stromberg-gymnasium.de\/wordpress\/wp-content\/uploads\/2023\/07\/Abschluss23_14-768x576.jpg 768w, https:\/\/www.stromberg-gymnasium.de\/wordpress\/wp-content\/uploads\/2023\/07\/Abschluss23_14-360x270.jpg 360w\" sizes=\"auto, (max-width: 1000px) 100vw, 1000px\" \/><figcaption class=\"wp-element-caption\">Unter Regie von Frau Pfeiffer tragen Sch\u00fclerinnen und Sch\u00fcler aus unterschiedlichen Klassenstufen ihre F\u00fcrbitten vor. <\/figcaption><\/figure>\n\n\n\n<figure class=\"wp-block-image size-large\"><img loading=\"lazy\" decoding=\"async\" width=\"1000\" height=\"750\" data-id=\"30597\" src=\"https:\/\/www.stromberg-gymnasium.de\/wordpress\/wp-content\/uploads\/2023\/07\/Abschluss23_15.jpg\" alt=\"\" class=\"wp-image-30597\" srcset=\"https:\/\/www.stromberg-gymnasium.de\/wordpress\/wp-content\/uploads\/2023\/07\/Abschluss23_15.jpg 1000w, https:\/\/www.stromberg-gymnasium.de\/wordpress\/wp-content\/uploads\/2023\/07\/Abschluss23_15-300x225.jpg 300w, https:\/\/www.stromberg-gymnasium.de\/wordpress\/wp-content\/uploads\/2023\/07\/Abschluss23_15-768x576.jpg 768w, https:\/\/www.stromberg-gymnasium.de\/wordpress\/wp-content\/uploads\/2023\/07\/Abschluss23_15-360x270.jpg 360w\" sizes=\"auto, (max-width: 1000px) 100vw, 1000px\" \/><figcaption class=\"wp-element-caption\">Mit den Musikst\u00fccken \u201eUn poquito cantas\u201c und \u201eHoch\u201c sorgen die Klassen 5a und 5b unter Leitung von Frau Hartmann und Frau F\u00f6rnzler f\u00fcr einen beschwingten Auftakt zur Schuljahresabschlussfeier. <\/figcaption><\/figure>\n\n\n\n<figure class=\"wp-block-image size-large\"><img loading=\"lazy\" decoding=\"async\" width=\"750\" height=\"1000\" data-id=\"30589\" src=\"https:\/\/www.stromberg-gymnasium.de\/wordpress\/wp-content\/uploads\/2023\/07\/Abschluss23_16.jpg\" alt=\"\" class=\"wp-image-30589\" srcset=\"https:\/\/www.stromberg-gymnasium.de\/wordpress\/wp-content\/uploads\/2023\/07\/Abschluss23_16.jpg 750w, https:\/\/www.stromberg-gymnasium.de\/wordpress\/wp-content\/uploads\/2023\/07\/Abschluss23_16-225x300.jpg 225w, https:\/\/www.stromberg-gymnasium.de\/wordpress\/wp-content\/uploads\/2023\/07\/Abschluss23_16-203x270.jpg 203w\" sizes=\"auto, (max-width: 750px) 100vw, 750px\" \/><figcaption class=\"wp-element-caption\">Frau Kranich betont die Bedeutung der Feierstunde, um gemeinsam auf das im vergangenen Schuljahr Erreichte zur\u00fcckzublicken.<\/figcaption><\/figure>\n\n\n\n<figure class=\"wp-block-image size-large\"><img loading=\"lazy\" decoding=\"async\" width=\"750\" height=\"1000\" data-id=\"30596\" src=\"https:\/\/www.stromberg-gymnasium.de\/wordpress\/wp-content\/uploads\/2023\/07\/Abschluss23_17.jpg\" alt=\"\" class=\"wp-image-30596\" srcset=\"https:\/\/www.stromberg-gymnasium.de\/wordpress\/wp-content\/uploads\/2023\/07\/Abschluss23_17.jpg 750w, https:\/\/www.stromberg-gymnasium.de\/wordpress\/wp-content\/uploads\/2023\/07\/Abschluss23_17-225x300.jpg 225w, https:\/\/www.stromberg-gymnasium.de\/wordpress\/wp-content\/uploads\/2023\/07\/Abschluss23_17-203x270.jpg 203w\" sizes=\"auto, (max-width: 750px) 100vw, 750px\" \/><figcaption class=\"wp-element-caption\">Herr Ahmed von der VR-Bank Neckar-Enz \u00fcberreicht Lisa Bartz (9b) den mit 150 Euro dotierten Sonderpreis f\u00fcr herausragendes Engagement im sozialen Bereich.<\/figcaption><\/figure>\n\n\n\n<figure class=\"wp-block-image size-large\"><img loading=\"lazy\" decoding=\"async\" width=\"1000\" height=\"605\" data-id=\"30592\" src=\"https:\/\/www.stromberg-gymnasium.de\/wordpress\/wp-content\/uploads\/2023\/07\/Abschluss23_18.jpg\" alt=\"\" class=\"wp-image-30592\" srcset=\"https:\/\/www.stromberg-gymnasium.de\/wordpress\/wp-content\/uploads\/2023\/07\/Abschluss23_18.jpg 1000w, https:\/\/www.stromberg-gymnasium.de\/wordpress\/wp-content\/uploads\/2023\/07\/Abschluss23_18-300x182.jpg 300w, https:\/\/www.stromberg-gymnasium.de\/wordpress\/wp-content\/uploads\/2023\/07\/Abschluss23_18-768x465.jpg 768w, https:\/\/www.stromberg-gymnasium.de\/wordpress\/wp-content\/uploads\/2023\/07\/Abschluss23_18-360x218.jpg 360w\" sizes=\"auto, (max-width: 1000px) 100vw, 1000px\" \/><figcaption class=\"wp-element-caption\">Frau F\u00f6rnzler und Frau Fink mit Sch\u00fclerinnen und Sch\u00fclern aus Klasse 10, die das DELF-Diplom absolviert haben. <\/figcaption><\/figure>\n\n\n\n<figure class=\"wp-block-image size-large\"><img loading=\"lazy\" decoding=\"async\" width=\"750\" height=\"1000\" data-id=\"30583\" src=\"https:\/\/www.stromberg-gymnasium.de\/wordpress\/wp-content\/uploads\/2023\/07\/Abschluss23_2.jpg\" alt=\"\" class=\"wp-image-30583\" srcset=\"https:\/\/www.stromberg-gymnasium.de\/wordpress\/wp-content\/uploads\/2023\/07\/Abschluss23_2.jpg 750w, https:\/\/www.stromberg-gymnasium.de\/wordpress\/wp-content\/uploads\/2023\/07\/Abschluss23_2-225x300.jpg 225w, https:\/\/www.stromberg-gymnasium.de\/wordpress\/wp-content\/uploads\/2023\/07\/Abschluss23_2-203x270.jpg 203w\" sizes=\"auto, (max-width: 750px) 100vw, 750px\" \/><figcaption class=\"wp-element-caption\">Marius Kopp (Schlagzeug, 8a) und Alexandru Antal (Gitarre und Gesang, 8c) mit \u201eEyes closed\u201c von Ed Sheeran.<\/figcaption><\/figure>\n\n\n\n<figure class=\"wp-block-image size-large\"><img loading=\"lazy\" decoding=\"async\" width=\"1000\" height=\"750\" data-id=\"30585\" src=\"https:\/\/www.stromberg-gymnasium.de\/wordpress\/wp-content\/uploads\/2023\/07\/Abschluss23_3.jpg\" alt=\"\" class=\"wp-image-30585\" srcset=\"https:\/\/www.stromberg-gymnasium.de\/wordpress\/wp-content\/uploads\/2023\/07\/Abschluss23_3.jpg 1000w, https:\/\/www.stromberg-gymnasium.de\/wordpress\/wp-content\/uploads\/2023\/07\/Abschluss23_3-300x225.jpg 300w, https:\/\/www.stromberg-gymnasium.de\/wordpress\/wp-content\/uploads\/2023\/07\/Abschluss23_3-768x576.jpg 768w, https:\/\/www.stromberg-gymnasium.de\/wordpress\/wp-content\/uploads\/2023\/07\/Abschluss23_3-360x270.jpg 360w\" sizes=\"auto, (max-width: 1000px) 100vw, 1000px\" \/><figcaption class=\"wp-element-caption\">Herr Neulinger gratuliert Marla Werr (9a) und Ann-Sophie Fabritius zur erfolgreichen Teilnahme bei \u201eJugend debattiert\u201c.<\/figcaption><\/figure>\n\n\n\n<figure class=\"wp-block-image size-large\"><img loading=\"lazy\" decoding=\"async\" width=\"1000\" height=\"750\" data-id=\"30581\" src=\"https:\/\/www.stromberg-gymnasium.de\/wordpress\/wp-content\/uploads\/2023\/07\/Abschluss23_4.jpg\" alt=\"\" class=\"wp-image-30581\" srcset=\"https:\/\/www.stromberg-gymnasium.de\/wordpress\/wp-content\/uploads\/2023\/07\/Abschluss23_4.jpg 1000w, https:\/\/www.stromberg-gymnasium.de\/wordpress\/wp-content\/uploads\/2023\/07\/Abschluss23_4-300x225.jpg 300w, https:\/\/www.stromberg-gymnasium.de\/wordpress\/wp-content\/uploads\/2023\/07\/Abschluss23_4-768x576.jpg 768w, https:\/\/www.stromberg-gymnasium.de\/wordpress\/wp-content\/uploads\/2023\/07\/Abschluss23_4-360x270.jpg 360w\" sizes=\"auto, (max-width: 1000px) 100vw, 1000px\" \/><figcaption class=\"wp-element-caption\">Applaus von Frau Brauer f\u00fcrs erfolgreiche L\u00f6sen der Probleme des Monats.<\/figcaption><\/figure>\n\n\n\n<figure class=\"wp-block-image size-large\"><img loading=\"lazy\" decoding=\"async\" width=\"1000\" height=\"750\" data-id=\"30584\" src=\"https:\/\/www.stromberg-gymnasium.de\/wordpress\/wp-content\/uploads\/2023\/07\/Abschluss23_5.jpg\" alt=\"\" class=\"wp-image-30584\" srcset=\"https:\/\/www.stromberg-gymnasium.de\/wordpress\/wp-content\/uploads\/2023\/07\/Abschluss23_5.jpg 1000w, https:\/\/www.stromberg-gymnasium.de\/wordpress\/wp-content\/uploads\/2023\/07\/Abschluss23_5-300x225.jpg 300w, https:\/\/www.stromberg-gymnasium.de\/wordpress\/wp-content\/uploads\/2023\/07\/Abschluss23_5-768x576.jpg 768w, https:\/\/www.stromberg-gymnasium.de\/wordpress\/wp-content\/uploads\/2023\/07\/Abschluss23_5-360x270.jpg 360w\" sizes=\"auto, (max-width: 1000px) 100vw, 1000px\" \/><figcaption class=\"wp-element-caption\">Die Teilnehmerinnen und Teilnehmer am Bundeswettbewerb Fremdsprachen mit Herrn Sch\u00fcly.<\/figcaption><\/figure>\n\n\n\n<figure class=\"wp-block-image size-large\"><img loading=\"lazy\" decoding=\"async\" width=\"750\" height=\"1000\" data-id=\"30580\" src=\"https:\/\/www.stromberg-gymnasium.de\/wordpress\/wp-content\/uploads\/2023\/07\/Abschluss23_6.jpg\" alt=\"\" class=\"wp-image-30580\" srcset=\"https:\/\/www.stromberg-gymnasium.de\/wordpress\/wp-content\/uploads\/2023\/07\/Abschluss23_6.jpg 750w, https:\/\/www.stromberg-gymnasium.de\/wordpress\/wp-content\/uploads\/2023\/07\/Abschluss23_6-225x300.jpg 225w, https:\/\/www.stromberg-gymnasium.de\/wordpress\/wp-content\/uploads\/2023\/07\/Abschluss23_6-203x270.jpg 203w\" sizes=\"auto, (max-width: 750px) 100vw, 750px\" \/><figcaption class=\"wp-element-caption\">Singer-Songwriterin Livia Kniep (9b) pr\u00e4sentiert einen selbst geschriebenen Song, der im Rahmen des Projekts \u201eZukunftsmusik\u201c (gemeinsam mit Studierenden und Lehrenden der PH Ludwigsburg) entstanden ist.<\/figcaption><\/figure>\n\n\n\n<figure class=\"wp-block-image size-large\"><img loading=\"lazy\" decoding=\"async\" width=\"1000\" height=\"750\" data-id=\"30586\" src=\"https:\/\/www.stromberg-gymnasium.de\/wordpress\/wp-content\/uploads\/2023\/07\/Abschluss23_7.jpg\" alt=\"\" class=\"wp-image-30586\" srcset=\"https:\/\/www.stromberg-gymnasium.de\/wordpress\/wp-content\/uploads\/2023\/07\/Abschluss23_7.jpg 1000w, https:\/\/www.stromberg-gymnasium.de\/wordpress\/wp-content\/uploads\/2023\/07\/Abschluss23_7-300x225.jpg 300w, https:\/\/www.stromberg-gymnasium.de\/wordpress\/wp-content\/uploads\/2023\/07\/Abschluss23_7-768x576.jpg 768w, https:\/\/www.stromberg-gymnasium.de\/wordpress\/wp-content\/uploads\/2023\/07\/Abschluss23_7-360x270.jpg 360w\" sizes=\"auto, (max-width: 1000px) 100vw, 1000px\" \/><figcaption class=\"wp-element-caption\">Sch\u00fclersprecherinnen Emma Warga und Lara Nimmerfroh sowie Sch\u00fclersprecher Batuhan \u00d6zt\u00fcrk lassen das Schuljahr aus ihrer Sicht Revue passieren.<\/figcaption><\/figure>\n\n\n\n<figure class=\"wp-block-image size-large\"><img loading=\"lazy\" decoding=\"async\" width=\"1000\" height=\"750\" data-id=\"30587\" src=\"https:\/\/www.stromberg-gymnasium.de\/wordpress\/wp-content\/uploads\/2023\/07\/Abschluss23_8.jpg\" alt=\"\" class=\"wp-image-30587\" srcset=\"https:\/\/www.stromberg-gymnasium.de\/wordpress\/wp-content\/uploads\/2023\/07\/Abschluss23_8.jpg 1000w, https:\/\/www.stromberg-gymnasium.de\/wordpress\/wp-content\/uploads\/2023\/07\/Abschluss23_8-300x225.jpg 300w, https:\/\/www.stromberg-gymnasium.de\/wordpress\/wp-content\/uploads\/2023\/07\/Abschluss23_8-768x576.jpg 768w, https:\/\/www.stromberg-gymnasium.de\/wordpress\/wp-content\/uploads\/2023\/07\/Abschluss23_8-360x270.jpg 360w\" sizes=\"auto, (max-width: 1000px) 100vw, 1000px\" \/><figcaption class=\"wp-element-caption\">Verbindungslehrerin Frau von Hanstein dankt der SMV f\u00fcr ihr gro\u00dfes Engagement.<\/figcaption><\/figure>\n\n\n\n<figure class=\"wp-block-image size-large\"><img loading=\"lazy\" decoding=\"async\" width=\"1000\" height=\"750\" data-id=\"30591\" src=\"https:\/\/www.stromberg-gymnasium.de\/wordpress\/wp-content\/uploads\/2023\/07\/Abschluss23_9.jpg\" alt=\"\" class=\"wp-image-30591\" srcset=\"https:\/\/www.stromberg-gymnasium.de\/wordpress\/wp-content\/uploads\/2023\/07\/Abschluss23_9.jpg 1000w, https:\/\/www.stromberg-gymnasium.de\/wordpress\/wp-content\/uploads\/2023\/07\/Abschluss23_9-300x225.jpg 300w, https:\/\/www.stromberg-gymnasium.de\/wordpress\/wp-content\/uploads\/2023\/07\/Abschluss23_9-768x576.jpg 768w, https:\/\/www.stromberg-gymnasium.de\/wordpress\/wp-content\/uploads\/2023\/07\/Abschluss23_9-360x270.jpg 360w\" sizes=\"auto, (max-width: 1000px) 100vw, 1000px\" \/><figcaption class=\"wp-element-caption\">Die Big Band unter Leitung von Herrn Hohensee&#8230;<\/figcaption><\/figure>\n\n\n\n<figure class=\"wp-block-image size-large\"><img loading=\"lazy\" decoding=\"async\" width=\"1000\" height=\"750\" data-id=\"30590\" src=\"https:\/\/www.stromberg-gymnasium.de\/wordpress\/wp-content\/uploads\/2023\/07\/Abschluss23_10.jpg\" alt=\"\" class=\"wp-image-30590\" srcset=\"https:\/\/www.stromberg-gymnasium.de\/wordpress\/wp-content\/uploads\/2023\/07\/Abschluss23_10.jpg 1000w, https:\/\/www.stromberg-gymnasium.de\/wordpress\/wp-content\/uploads\/2023\/07\/Abschluss23_10-300x225.jpg 300w, https:\/\/www.stromberg-gymnasium.de\/wordpress\/wp-content\/uploads\/2023\/07\/Abschluss23_10-768x576.jpg 768w, https:\/\/www.stromberg-gymnasium.de\/wordpress\/wp-content\/uploads\/2023\/07\/Abschluss23_10-360x270.jpg 360w\" sizes=\"auto, (max-width: 1000px) 100vw, 1000px\" \/><figcaption class=\"wp-element-caption\">&#8230;sorgt f\u00fcr einen schwungvollen, schmissigen Abschluss der Feier.<\/figcaption><\/figure>\n<\/figure>\n","protected":false},"excerpt":{"rendered":"<p>Der letzte Schultag vor den wohlverdienten Sommerferien!<\/p>\n","protected":false},"author":1,"featured_media":30601,"comment_status":"closed","ping_status":"closed","sticky":false,"template":"","format":"standard","meta":{"footnotes":""},"categories":[1],"tags":[5],"class_list":["post-30579","post","type-post","status-publish","format-standard","has-post-thumbnail","hentry","category-allgemein","tag-ueber-uns"],"_links":{"self":[{"href":"https:\/\/www.stromberg-gymnasium.de\/index.php?rest_route=\/wp\/v2\/posts\/30579","targetHints":{"allow":["GET"]}}],"collection":[{"href":"https:\/\/www.stromberg-gymnasium.de\/index.php?rest_route=\/wp\/v2\/posts"}],"about":[{"href":"https:\/\/www.stromberg-gymnasium.de\/index.php?rest_route=\/wp\/v2\/types\/post"}],"author":[{"embeddable":true,"href":"https:\/\/www.stromberg-gymnasium.de\/index.php?rest_route=\/wp\/v2\/users\/1"}],"replies":[{"embeddable":true,"href":"https:\/\/www.stromberg-gymnasium.de\/index.php?rest_route=%2Fwp%2Fv2%2Fcomments&post=30579"}],"version-history":[{"count":3,"href":"https:\/\/www.stromberg-gymnasium.de\/index.php?rest_route=\/wp\/v2\/posts\/30579\/revisions"}],"predecessor-version":[{"id":30602,"href":"https:\/\/www.stromberg-gymnasium.de\/index.php?rest_route=\/wp\/v2\/posts\/30579\/revisions\/30602"}],"wp:featuredmedia":[{"embeddable":true,"href":"https:\/\/www.stromberg-gymnasium.de\/index.php?rest_route=\/wp\/v2\/media\/30601"}],"wp:attachment":[{"href":"https:\/\/www.stromberg-gymnasium.de\/index.php?rest_route=%2Fwp%2Fv2%2Fmedia&parent=30579"}],"wp:term":[{"taxonomy":"category","embeddable":true,"href":"https:\/\/www.stromberg-gymnasium.de\/index.php?rest_route=%2Fwp%2Fv2%2Fcategories&post=30579"},{"taxonomy":"post_tag","embeddable":true,"href":"https:\/\/www.stromberg-gymnasium.de\/index.php?rest_route=%2Fwp%2Fv2%2Ftags&post=30579"}],"curies":[{"name":"wp","href":"https:\/\/api.w.org\/{rel}","templated":true}]}}