{"id":30707,"date":"2023-09-15T13:43:13","date_gmt":"2023-09-15T11:43:13","guid":{"rendered":"https:\/\/www.stromberg-gymnasium.de\/?p=30707"},"modified":"2023-09-15T13:43:29","modified_gmt":"2023-09-15T11:43:29","slug":"immer-weiter-hoch-hinaus","status":"publish","type":"post","link":"https:\/\/www.stromberg-gymnasium.de\/?p=30707","title":{"rendered":"Immer weiter hoch hinaus"},"content":{"rendered":"\n<p>\u201eAuch wenn wir schon weit gekommen sind, wir gehen immer weiter hoch hinaus, egal wie hoch die H\u00fcrden auch sind.\u201c Mit dem Lied \u201eHoch\u201c von Tim Bendzko wurden die insgesamt 91 neuen F\u00fcnfer am vergangenen Montag durch die Klassen 6a und 6b unter der Leitung von Musiklehrerin Barbara Hartmann begr\u00fc\u00dft und auf ihre Zeit am Stromberg-Gymnasium eingestimmt: Schon weit gekommen &#8211; die vierte Klasse Ende Juli erfolgreich absolviert &#8211; geht es jetzt an der neuen Schule in neuen R\u00e4umlichkeiten, mit neuen Mitsch\u00fclerinnen und Mitsch\u00fclern und neuen Lehrkr\u00e4ften, ja sogar mit neuen F\u00e4chern hoch hinaus bis hin zum Abitur. Manchen mag dabei schon der erste Tag wie die erste zu \u00fcberwindende H\u00fcrde erscheinen. Schulleiterin Katja Kranich, die die neuen Sch\u00fcler im Anschluss in Form einer kurzen Ansprache begr\u00fc\u00dft, ermutigt allerdings: Dass es immer weiter gehe wie im Lied \u201eHoch\u201c, das sei nat\u00fcrlich sicher. Das reiche aber nicht aus. Am Stromberg-Gymnasium sei es wichtig, dass es f\u00fcr Sch\u00fclerinnen und Sch\u00fcler nicht irgendwie weitergehe, sondern vor allem gut. Um das zu symbolisieren, h\u00e4lt Frau Kranich ein Puzzleteil in die H\u00f6he. Zurecht fragt sich jetzt der interessierte Leser, was ein Puzzleteil mit einer gelingenden Schullaufbahn zu tun hat. Die F\u00fcnftkl\u00e4sserlinnen und F\u00fcnftkl\u00e4ssler, die vor das gleiche R\u00e4tsel gestellt wurden, gaben darauf allerdings sehr gute Antworten: jedes Puzzleteil sei anders und dennoch bzw. gerade dadurch halte ein Puzzle zusammen; erst mehrere Puzzleteile erg\u00e4ben ein sch\u00f6nes Bild. Eines wird durch die von Kranich gew\u00e4hlte Puzzle-Metapher also klar: Die Neulinge m\u00fcssen die bevorstehenden Hindernisse nicht alleine meistern: Eingebunden in eine Gemeinschaft sollen sie in den n\u00e4chsten Jahren immer weiter hoch hinaus wachsen und zwar gut.<\/p>\n\n\n\n<p>Das Gef\u00fchl, am Stromberg-Gymnasium in eine Gemeinschaft aufgenommen zu werden, vermittelten auch Nele Gruica und Simon Riffel (beide 10d), die die neuen f\u00fcnften Klassen stellvertretend f\u00fcr alle Sch\u00fclerpaten willkommen hie\u00dfen. Sie erkl\u00e4rten ihre Aufgaben als Paten und versicherten, dass sie jederzeit als Ansprechpartner bei Fragen aller Art zur Seite st\u00e4nden.<\/p>\n\n\n\n<p>Direkt im Anschluss entstanden schon die ersten sch\u00f6nen Bilder aus den vielen neuen Puzzleteilen: Die Klassenlehrerinnenteams riefen die Kinder klassenweise auf, die sich dann f\u00fcr das allererste gemeinsame Foto formierten. Sogleich ging es in das neue Klassenzimmer, in dem die Sch\u00fclerinnen und Sch\u00fcler ihre Stundenpl\u00e4ne, B\u00fccher und weitere Informationen erhielten. Parallel dazu richteten Elternbeiratsvorsitzende Peggy Gustmann und, f\u00fcr den F\u00f6rderverein, Kimsy Gr\u00e4fin von Reischach das Wort an die in der Aula verbliebenen Eltern und er\u00f6ffneten den Eltern mit ihren Informationen M\u00f6glichkeiten, ebenfalls in der Schulgemeinschaft aktiv zu werden: So gibt es am Stromberg-Gymnasium beispielsweise eine Schulentwicklungsgruppe, in der Eltern, Lehrkr\u00e4fte und Sch\u00fcler zusammenarbeiten.&nbsp;<\/p>\n\n\n\n<p>Um nun, um es mit Tim Bendzkos Liedtext zu sagen, <em>Anlauf<\/em> f\u00fcr die kommenden H\u00fcrden <em>zu nehmen<\/em>, st\u00e4rkten sich alle Beteiligten bei Kaffee und Kuchen, bewirtet von den Eltern der Sch\u00fclerinnen und Sch\u00fcler aus Klassenstufe 6.<\/p>\n\n\n\n<p class=\"has-text-align-right\"><em>Bericht: Jk, Fotos: Er<\/em><\/p>\n\n\n\n<figure class=\"wp-block-gallery has-nested-images columns-default is-cropped wp-block-gallery-1 is-layout-flex wp-block-gallery-is-layout-flex\">\n<figure class=\"wp-block-image size-large\"><img loading=\"lazy\" decoding=\"async\" width=\"1000\" height=\"667\" data-id=\"30711\" src=\"https:\/\/www.stromberg-gymnasium.de\/wordpress\/wp-content\/uploads\/2023\/09\/5erEinschulung_1.jpg\" alt=\"\" class=\"wp-image-30711\" srcset=\"https:\/\/www.stromberg-gymnasium.de\/wordpress\/wp-content\/uploads\/2023\/09\/5erEinschulung_1.jpg 1000w, https:\/\/www.stromberg-gymnasium.de\/wordpress\/wp-content\/uploads\/2023\/09\/5erEinschulung_1-300x200.jpg 300w, https:\/\/www.stromberg-gymnasium.de\/wordpress\/wp-content\/uploads\/2023\/09\/5erEinschulung_1-768x512.jpg 768w, https:\/\/www.stromberg-gymnasium.de\/wordpress\/wp-content\/uploads\/2023\/09\/5erEinschulung_1-360x240.jpg 360w\" sizes=\"auto, (max-width: 1000px) 100vw, 1000px\" \/><figcaption class=\"wp-element-caption\">Die Klassen 6a und 6b begr\u00fc\u00dfen unter der Leitung von Barbara Hartmann die neuen f\u00fcnften Klassen.<\/figcaption><\/figure>\n\n\n\n<figure class=\"wp-block-image size-large\"><img loading=\"lazy\" decoding=\"async\" width=\"1000\" height=\"667\" data-id=\"30708\" src=\"https:\/\/www.stromberg-gymnasium.de\/wordpress\/wp-content\/uploads\/2023\/09\/5erEinschulung_2.jpg\" alt=\"\" class=\"wp-image-30708\" srcset=\"https:\/\/www.stromberg-gymnasium.de\/wordpress\/wp-content\/uploads\/2023\/09\/5erEinschulung_2.jpg 1000w, https:\/\/www.stromberg-gymnasium.de\/wordpress\/wp-content\/uploads\/2023\/09\/5erEinschulung_2-300x200.jpg 300w, https:\/\/www.stromberg-gymnasium.de\/wordpress\/wp-content\/uploads\/2023\/09\/5erEinschulung_2-768x512.jpg 768w, https:\/\/www.stromberg-gymnasium.de\/wordpress\/wp-content\/uploads\/2023\/09\/5erEinschulung_2-360x240.jpg 360w\" sizes=\"auto, (max-width: 1000px) 100vw, 1000px\" \/><figcaption class=\"wp-element-caption\">Simon und Nele stellen das Patenprogramm vor.<\/figcaption><\/figure>\n\n\n\n<figure class=\"wp-block-image size-large\"><img loading=\"lazy\" decoding=\"async\" width=\"1000\" height=\"667\" data-id=\"30709\" src=\"https:\/\/www.stromberg-gymnasium.de\/wordpress\/wp-content\/uploads\/2023\/09\/5erEinschulung_3.jpg\" alt=\"\" class=\"wp-image-30709\" srcset=\"https:\/\/www.stromberg-gymnasium.de\/wordpress\/wp-content\/uploads\/2023\/09\/5erEinschulung_3.jpg 1000w, https:\/\/www.stromberg-gymnasium.de\/wordpress\/wp-content\/uploads\/2023\/09\/5erEinschulung_3-300x200.jpg 300w, https:\/\/www.stromberg-gymnasium.de\/wordpress\/wp-content\/uploads\/2023\/09\/5erEinschulung_3-768x512.jpg 768w, https:\/\/www.stromberg-gymnasium.de\/wordpress\/wp-content\/uploads\/2023\/09\/5erEinschulung_3-360x240.jpg 360w\" sizes=\"auto, (max-width: 1000px) 100vw, 1000px\" \/><\/figure>\n\n\n\n<figure class=\"wp-block-image size-large\"><img loading=\"lazy\" decoding=\"async\" width=\"1000\" height=\"667\" data-id=\"30712\" src=\"https:\/\/www.stromberg-gymnasium.de\/wordpress\/wp-content\/uploads\/2023\/09\/5erEinschulung_4.jpg\" alt=\"\" class=\"wp-image-30712\" srcset=\"https:\/\/www.stromberg-gymnasium.de\/wordpress\/wp-content\/uploads\/2023\/09\/5erEinschulung_4.jpg 1000w, https:\/\/www.stromberg-gymnasium.de\/wordpress\/wp-content\/uploads\/2023\/09\/5erEinschulung_4-300x200.jpg 300w, https:\/\/www.stromberg-gymnasium.de\/wordpress\/wp-content\/uploads\/2023\/09\/5erEinschulung_4-768x512.jpg 768w, https:\/\/www.stromberg-gymnasium.de\/wordpress\/wp-content\/uploads\/2023\/09\/5erEinschulung_4-360x240.jpg 360w\" sizes=\"auto, (max-width: 1000px) 100vw, 1000px\" \/><\/figure>\n\n\n\n<figure class=\"wp-block-image size-large\"><img loading=\"lazy\" decoding=\"async\" width=\"1000\" height=\"667\" data-id=\"30710\" src=\"https:\/\/www.stromberg-gymnasium.de\/wordpress\/wp-content\/uploads\/2023\/09\/5erEinschulung_5.jpg\" alt=\"\" class=\"wp-image-30710\" srcset=\"https:\/\/www.stromberg-gymnasium.de\/wordpress\/wp-content\/uploads\/2023\/09\/5erEinschulung_5.jpg 1000w, https:\/\/www.stromberg-gymnasium.de\/wordpress\/wp-content\/uploads\/2023\/09\/5erEinschulung_5-300x200.jpg 300w, https:\/\/www.stromberg-gymnasium.de\/wordpress\/wp-content\/uploads\/2023\/09\/5erEinschulung_5-768x512.jpg 768w, https:\/\/www.stromberg-gymnasium.de\/wordpress\/wp-content\/uploads\/2023\/09\/5erEinschulung_5-360x240.jpg 360w\" sizes=\"auto, (max-width: 1000px) 100vw, 1000px\" \/><\/figure>\n\n\n\n<figure class=\"wp-block-image size-large\"><img loading=\"lazy\" decoding=\"async\" width=\"1000\" height=\"667\" data-id=\"30713\" src=\"https:\/\/www.stromberg-gymnasium.de\/wordpress\/wp-content\/uploads\/2023\/09\/5erEinschulung_6.jpg\" alt=\"\" class=\"wp-image-30713\" srcset=\"https:\/\/www.stromberg-gymnasium.de\/wordpress\/wp-content\/uploads\/2023\/09\/5erEinschulung_6.jpg 1000w, https:\/\/www.stromberg-gymnasium.de\/wordpress\/wp-content\/uploads\/2023\/09\/5erEinschulung_6-300x200.jpg 300w, https:\/\/www.stromberg-gymnasium.de\/wordpress\/wp-content\/uploads\/2023\/09\/5erEinschulung_6-768x512.jpg 768w, https:\/\/www.stromberg-gymnasium.de\/wordpress\/wp-content\/uploads\/2023\/09\/5erEinschulung_6-360x240.jpg 360w\" sizes=\"auto, (max-width: 1000px) 100vw, 1000px\" \/><figcaption class=\"wp-element-caption\">(Alle H\u00e4nde gehen) Immer weiter hoch hinaus<\/figcaption><\/figure>\n<\/figure>\n","protected":false},"excerpt":{"rendered":"<p>Die neuen F\u00fcnftkl\u00e4sslerinnen und F\u00fcnftkl\u00e4ssler werden feierlich am Stromberg-Gymnasium aufgenommen <\/p>\n","protected":false},"author":1,"featured_media":30714,"comment_status":"closed","ping_status":"closed","sticky":false,"template":"","format":"standard","meta":{"footnotes":""},"categories":[4],"tags":[5],"class_list":["post-30707","post","type-post","status-publish","format-standard","has-post-thumbnail","hentry","category-veranstaltungen","tag-ueber-uns"],"_links":{"self":[{"href":"https:\/\/www.stromberg-gymnasium.de\/index.php?rest_route=\/wp\/v2\/posts\/30707","targetHints":{"allow":["GET"]}}],"collection":[{"href":"https:\/\/www.stromberg-gymnasium.de\/index.php?rest_route=\/wp\/v2\/posts"}],"about":[{"href":"https:\/\/www.stromberg-gymnasium.de\/index.php?rest_route=\/wp\/v2\/types\/post"}],"author":[{"embeddable":true,"href":"https:\/\/www.stromberg-gymnasium.de\/index.php?rest_route=\/wp\/v2\/users\/1"}],"replies":[{"embeddable":true,"href":"https:\/\/www.stromberg-gymnasium.de\/index.php?rest_route=%2Fwp%2Fv2%2Fcomments&post=30707"}],"version-history":[{"count":2,"href":"https:\/\/www.stromberg-gymnasium.de\/index.php?rest_route=\/wp\/v2\/posts\/30707\/revisions"}],"predecessor-version":[{"id":30716,"href":"https:\/\/www.stromberg-gymnasium.de\/index.php?rest_route=\/wp\/v2\/posts\/30707\/revisions\/30716"}],"wp:featuredmedia":[{"embeddable":true,"href":"https:\/\/www.stromberg-gymnasium.de\/index.php?rest_route=\/wp\/v2\/media\/30714"}],"wp:attachment":[{"href":"https:\/\/www.stromberg-gymnasium.de\/index.php?rest_route=%2Fwp%2Fv2%2Fmedia&parent=30707"}],"wp:term":[{"taxonomy":"category","embeddable":true,"href":"https:\/\/www.stromberg-gymnasium.de\/index.php?rest_route=%2Fwp%2Fv2%2Fcategories&post=30707"},{"taxonomy":"post_tag","embeddable":true,"href":"https:\/\/www.stromberg-gymnasium.de\/index.php?rest_route=%2Fwp%2Fv2%2Ftags&post=30707"}],"curies":[{"name":"wp","href":"https:\/\/api.w.org\/{rel}","templated":true}]}}