{"id":31459,"date":"2024-07-10T06:00:00","date_gmt":"2024-07-10T04:00:00","guid":{"rendered":"https:\/\/www.stromberg-gymnasium.de\/?p=31459"},"modified":"2024-07-09T20:41:40","modified_gmt":"2024-07-09T18:41:40","slug":"26-abiturientinnen-und-abiturienten-verlassen-den-stromberg","status":"publish","type":"post","link":"https:\/\/www.stromberg-gymnasium.de\/?p=31459","title":{"rendered":"26 Abiturientinnen und Abiturienten verlassen den Strom(berg)"},"content":{"rendered":"\n<p><em>Feierliche Vergabe der Abiturzeugnisse am Stromberg-Gymnasium<\/em><\/p>\n\n\n\n<p>\u201eFreak out\u201c &#8211; ein passender Titel, den die Sch\u00fclerband \u201eNo one to blame\u201c zur musikalischen Er\u00f6ffnung der Feier spielte. Denn ein bestandenes Abitur ist durchaus ein Grund zum \u201eAusflippen\u201c und so versammelten sich in der Aula neben den ehemaligen Sch\u00fclerinnen und Sch\u00fclern Verwandte und Lehrkr\u00e4fte, um den Schulabschluss mit der Verleihung der Zeugnisse gemeinsam zu feiern.<\/p>\n\n\n<div class=\"wp-block-image\">\n<figure class=\"alignleft size-medium\"><img loading=\"lazy\" decoding=\"async\" width=\"300\" height=\"200\" src=\"https:\/\/www.stromberg-gymnasium.de\/wordpress\/wp-content\/uploads\/2024\/07\/Abiturverleihung24_2-300x200.jpg\" alt=\"\" class=\"wp-image-31461\" srcset=\"https:\/\/www.stromberg-gymnasium.de\/wordpress\/wp-content\/uploads\/2024\/07\/Abiturverleihung24_2-300x200.jpg 300w, https:\/\/www.stromberg-gymnasium.de\/wordpress\/wp-content\/uploads\/2024\/07\/Abiturverleihung24_2-768x512.jpg 768w, https:\/\/www.stromberg-gymnasium.de\/wordpress\/wp-content\/uploads\/2024\/07\/Abiturverleihung24_2-360x240.jpg 360w, https:\/\/www.stromberg-gymnasium.de\/wordpress\/wp-content\/uploads\/2024\/07\/Abiturverleihung24_2.jpg 1000w\" sizes=\"auto, (max-width: 300px) 100vw, 300px\" \/><\/figure>\n<\/div>\n\n\n<p>Die anwesenden 26 Absolventinnen und Absolventen mit dem Abiturmotto \u201eAbiquarium \u2013 wir verlassen den Stromberg\u201c, best\u00e4rkte Schulleiterin Katja Kranich in ihrer Rede: \u201eJa, verlasst den Strom im Sinne des Mainstreams, ganz unbedingt!\u201c. Aber was erwartet die ehemaligen Sch\u00fclerinnen und Sch\u00fcler au\u00dferhalb ihres vertrauten Aquariums, des Stromberg-Gymnasiums? Eine Welt, die durch die Ver\u00e4nderungen in den Bereichen Digitalisierung und KI einem grundlegenden Transformationsprozess unterliege. \u201eWenn jemand sagt, wie wir 2050 leben werden, und es h\u00f6rt sich nach Science Fiction an, dann ist es vermutlich falsch. Wenn jemand sagt, wie wir 2050 leben werden, und es h\u00f6rt sich nicht nach Science Fiction an, dann ist es definitiv falsch. Und irgendwo dazwischen wird sich die Gesellschaft transformieren.\u201c, zitierte Kranich den israelischen Historiker Yuval Harari sinngem\u00e4\u00df. Angesichts dessen ermutigte die Schulleiterin die Abiturientinnen und Abiturienten, sich nun in \u201eneues Terrain\u201c zu begeben und innovativ zu sein, um diesen Prozess proaktiv mitzugestalten.<\/p>\n\n\n\n<p>Jana Rogalla, diesj\u00e4hrige Tr\u00e4gerin des Scheffelpreises, wandte ihren Blick hingegen zu Beginn ihrer Rede wieder in die Vergangenheit und betonte die Vorteile des bisherigen Schwimmens im Strom(berg): die gemeinsamen Erinnerungen, die den Abiturjahrgang zusammenschwei\u00dfen w\u00fcrden. Um diese greifbar zu machen, bediente sie sich einer Metapher aus dem Disneyfilm \u201eAlles steht Kopf\u201c, in dem Erinnerungen als Kugeln verschiedenfarbigen Emotionen zugeordnet und abgespeichert werden: Lila f\u00fcr Angst, Blau f\u00fcr Kummer, Gr\u00fcn f\u00fcr Ekel, Rot f\u00fcr Wut, Gelb f\u00fcr Freude. Durch all diese geteilten Erinnerungen sei die Stufe zu einer Gemeinschaft mit einem starken Zusammenhalt geworden. Nun allerdings gelte es, sich von gemeinsam Erlebtem zu l\u00f6sen und nach dem kollektiven Ziel Abitur individuelle Ziele zu finden, sozusagen seine eigenen Erinnerungskugeln zu sammeln oder wenn man es mit dem Abiturmotto umschreiben will: aus dem Strom auszuscheren. Dabei ist Rogalla wichtig, dass der Weg dahin nicht geradlinig sein m\u00fcsse, und so ermutigt sie alle, ihr Potential freizusetzen, um ihren Weg zu finden.<\/p>\n\n\n\n<p>Nach einem musikalischen Beitrag von Joschua Hettler und Sarah Steger kn\u00fcpften &nbsp;auch die Reden der Elternvertreterin Cornelia M\u00fchlfelder und der Elternbeir\u00e4tin Maria H\u00f6lzel an die die Stufe verbindenden Erfahrungen an. So sah vor allem M\u00fchlfelder die gemeinsamen Herausforderungen der Schulzeit, wie Fernlernunterricht (vielleicht eine blaue Kugel?) oder die regelm\u00e4\u00dfigen Sanierungsarbeiten \u2013 zu denen auch Toiletten in Containern geh\u00f6rten (ganz sicher eine gelbe Kugel!) als Grund daf\u00fcr an, dass aus den einst rivalisierenden Klassen 10a und 10b eine so gute Gemeinschaft geworden sei. Nun forderte sie die Absolventinnen und Absolventen aber auf: \u201eMacht, was euch Spa\u00df macht!\u201c und gab damit das Wort an H\u00f6lzel weiter, die mit Erich K\u00e4stners Worten dazu riet, sich bei allen anstehenden Herausforderungen auch Leichtigkeit zu bewahren: \u201eNur wer erwachsen wird und ein Kind bleibt, ist ein Mensch.\u201c&nbsp;<\/p>\n\n\n<div class=\"wp-block-image\">\n<figure class=\"alignright size-medium\"><img loading=\"lazy\" decoding=\"async\" width=\"300\" height=\"200\" src=\"https:\/\/www.stromberg-gymnasium.de\/wordpress\/wp-content\/uploads\/2024\/07\/Abiturverleihung24_6-300x200.jpg\" alt=\"\" class=\"wp-image-31465\" srcset=\"https:\/\/www.stromberg-gymnasium.de\/wordpress\/wp-content\/uploads\/2024\/07\/Abiturverleihung24_6-300x200.jpg 300w, https:\/\/www.stromberg-gymnasium.de\/wordpress\/wp-content\/uploads\/2024\/07\/Abiturverleihung24_6-768x512.jpg 768w, https:\/\/www.stromberg-gymnasium.de\/wordpress\/wp-content\/uploads\/2024\/07\/Abiturverleihung24_6-360x240.jpg 360w, https:\/\/www.stromberg-gymnasium.de\/wordpress\/wp-content\/uploads\/2024\/07\/Abiturverleihung24_6.jpg 1000w\" sizes=\"auto, (max-width: 300px) 100vw, 300px\" \/><\/figure>\n<\/div>\n\n\n<p>Im Anschluss wurde allerdings mit der offiziellen Zeugnisverleihung erst einmal die bereits hinter den Absolventinnen und Absolventen liegende Herausforderung, das Abitur, zelebriert. Und das Ergebnis dieser Anstrengung kann sich durchaus sehen lassen: Als kleinster Abiturjahrgang des Stromberg-Gymnasiums mit nur 26 Absolventinnen und Absolventen hat dieser mit einem Gesamtdurschnitt von 1,99 alle bisherigen Abiturjahrg\u00e4nge \u00fcbertroffen, w\u00fcrdigte Roland Wirth, stellvertretender Schulleiter, die Leistungen der jungen Erwachsenen. Und auch Herr Peisch, ehemaliger Schulleiter am Stromberg-Gymnasium und Stifter des Schulleiter-Peisch-Preises f\u00fcr die beste Leistung in zwei Fremdsprachen, war nicht nur erstaunt \u00fcber die \u00fcberdurchschnittliche Leistung der Preistr\u00e4gerin Hanna Lang, sondern ermutigte auch, diesen Abschluss als solides Fundament f\u00fcr die Zukunft und den weiteren Bildungsweg zu betrachten.<\/p>\n\n\n\n<p>Zuletzt dankte Nora Bartz im Namen der Stufe den Sekret\u00e4rinnen Gabriele Hofmann und Sabine Kreth, dem Hausmeister Helmut D\u00f6rner, der Schulleitung und nat\u00fcrlich auch den Lehrkr\u00e4ften f\u00fcr die Unterst\u00fctzung w\u00e4hrend der gesamten Schulzeit. Sie betonte, dass es ein Privileg gewesen sei, schulische Bildung genossen zu haben und nun seine eigene Zukunft gestalten zu k\u00f6nnen.<\/p>\n\n\n\n<p>Bevor dann aber in dieser Zukunft alle ihrer Wege \u201eschwimmen\u201c, lud Josua Maier, Abiturient und Mitglied der Sch\u00fclerband, mit dem Cover des Liedes \u201eBecause the Night\u201c ein, den letzten gemeinsamen Abend im Stromberg-Gymnasium gemeinsam zu feiern. Damit l\u00e4utete er den inoffiziellen Teil der Veranstaltung ein, bei der hoffentlich viele gelbfarbene Kugeln gesammelt worden sind.<\/p>\n\n\n\n<p class=\"has-text-align-right\"><em>Bericht: Jk, Fotos: Er<\/em><\/p>\n\n\n\n<p><strong>Die Sonderpreise im \u00dcberblick:<\/strong><\/p>\n\n\n\n<p><strong>Scheffel-Preis:<\/strong><br>Jana Rogalla<\/p>\n\n\n\n<p><strong>Preis des Vereins Deutsche Sprache f\u00fcr das beste Deutschabitur:<\/strong><br>Jana Rogalla<\/p>\n\n\n\n<p><strong>Buchpreis der Deutschen Physikalischen Gesellschaft (DPG):<\/strong><br>Josua Maier<\/p>\n\n\n\n<p><strong>Jahresmitgliedschaft der DPG f\u00fcr besondere Leistungen im Fach Physik:<\/strong><br>Jakob Frenzel, Lukas Katzenstein, Jana Rogalla, Valerie Maier<\/p>\n\n\n\n<p><strong>Mathematikpreis der Deutschen Mathematiker-Vereinigung:<\/strong><br>Lukas Katzenstein<\/p>\n\n\n\n<p><strong>Schulleiter-Peisch-Preis f\u00fcr besondere Leistungen in zwei Fremdsprachen:<\/strong><br>Hanna-Maria Lang<\/p>\n\n\n\n<p><strong>Preis der Buchhandlung blessings4you f\u00fcr besondere Leistungen im Fach Englisch:<\/strong><br>Jana Rogalla<\/p>\n\n\n\n<p><strong>Preis der Buchhandlung blessings4you f\u00fcr besondere Leistungen im Fach Biologie:<\/strong><br>Sarah Luise Steger<\/p>\n\n\n\n<p><strong>MusikPreis alle.Noten.de:<\/strong><br>Joschua Hettler<\/p>\n\n\n\n<p><strong>Sonderpreis f\u00fcr besonderes Engangement Musik<\/strong>:<br>Am\u00e9lie Betz, Josua Meier<\/p>\n\n\n\n<p><strong>Preis des F\u00f6rdervereins f\u00fcr besondere Leistungen im Fach Bildende Kunst:<\/strong><br>Am\u00e9lie Betz<\/p>\n\n\n\n<p><strong>Paul-Schempp-Preis der evangelischen Landeskirche in W\u00fcrttemberg:<\/strong><br>Hanna-Maria Lang<\/p>\n\n\n\n<p><strong>Preis der Gesellschaft Deutscher Chemiker:<\/strong><br>Helena Schwark<\/p>\n\n\n\n<p><strong>Chemie-Preis der Firma Dr. Hartmann:<\/strong><br>Matteo Mlinar<\/p>\n\n\n\n<p><strong>Preis der Deutschen Gesellschaft f\u00fcr Philosophie:<\/strong><br>Jana Rogalla<\/p>\n\n\n\n<p><strong>\u00d6konomie-Preis des Verbands S\u00fcdwestmetall:<\/strong><br>Lukas Katzenstein<\/p>\n\n\n\n<p><strong>Wirtschaftspreis des Verein f\u00fcr Socialpolitik:<\/strong><br>Valerie Maier<\/p>\n\n\n\n<p><strong>E-fellows-Stipendium f\u00fcr Abiturienten mit einem Schnitt von 1,5 und besser:<\/strong><br>Hanna-Maria Lang, Lukas Katzenstein, Jana Rogalla, Sarah Luise Steger, Josua Maier, Valerie Maier, Malina Sieber, Mirella Komm, Clara Hellwig, Nora Bartz<\/p>\n\n\n\n<p><strong>Vorschlag f\u00fcr die Studienstiftung des Deutschen Volkes:<\/strong><br>Hanna-Maria Lang, Lukas Katzenstein<\/p>\n\n\n\n<p><strong>Sonderpreise f\u00fcr besonderes Engagement in der Schule:<\/strong><br>Helena Schwark, Mirella Komm<\/p>\n\n\n\n<p><strong>Das Abitur bestanden haben:<\/strong><br>Milla Ansel, Nora Bartz (P), Am\u00e9lie Betz (B), Cara Bohnenkamp, Julia Mattea Brodka (P), Jacob Frenzel, Clara Hellwig (P), Joschua Hettler (B), Lukas Katzenstein (P), Mirella Komm (P), Anna Janina Kristen (P), Hanna-Maria Lang (P), Josua Maier (P), Valerie Maier (P), Matteo Mlinar, Lena M\u00fchlfelder (P), Jana Rogalla (P), Tim Sattler, Helena Schwark (P), Jakob Schwenck, Noah Schw\u00f6rer, Malina Sieber (P),Sarah Luise Steger (P), Simon Tamegger, Leonard Veiel, Mia Werner<\/p>\n\n\n\n<figure class=\"wp-block-gallery has-nested-images columns-2 is-cropped wp-block-gallery-1 is-layout-flex wp-block-gallery-is-layout-flex\">\n<figure class=\"wp-block-image size-large\"><img loading=\"lazy\" decoding=\"async\" width=\"1000\" height=\"667\" data-id=\"31464\" src=\"https:\/\/www.stromberg-gymnasium.de\/wordpress\/wp-content\/uploads\/2024\/07\/Abiturverleihung24_1.jpg\" alt=\"\" class=\"wp-image-31464\" srcset=\"https:\/\/www.stromberg-gymnasium.de\/wordpress\/wp-content\/uploads\/2024\/07\/Abiturverleihung24_1.jpg 1000w, https:\/\/www.stromberg-gymnasium.de\/wordpress\/wp-content\/uploads\/2024\/07\/Abiturverleihung24_1-300x200.jpg 300w, https:\/\/www.stromberg-gymnasium.de\/wordpress\/wp-content\/uploads\/2024\/07\/Abiturverleihung24_1-768x512.jpg 768w, https:\/\/www.stromberg-gymnasium.de\/wordpress\/wp-content\/uploads\/2024\/07\/Abiturverleihung24_1-360x240.jpg 360w\" sizes=\"auto, (max-width: 1000px) 100vw, 1000px\" \/><figcaption class=\"wp-element-caption\">Die Sch\u00fclerband &#8222;No one to blame&#8220; er\u00f6ffnet die Feier mit den selbstgeschriebenen Liedern &#8222;Freak out&#8220; und &#8222;Golden Retriever Boy&#8220;.<\/figcaption><\/figure>\n\n\n\n<figure class=\"wp-block-image size-large\"><img loading=\"lazy\" decoding=\"async\" width=\"1000\" height=\"667\" data-id=\"31461\" src=\"https:\/\/www.stromberg-gymnasium.de\/wordpress\/wp-content\/uploads\/2024\/07\/Abiturverleihung24_2.jpg\" alt=\"\" class=\"wp-image-31461\" srcset=\"https:\/\/www.stromberg-gymnasium.de\/wordpress\/wp-content\/uploads\/2024\/07\/Abiturverleihung24_2.jpg 1000w, https:\/\/www.stromberg-gymnasium.de\/wordpress\/wp-content\/uploads\/2024\/07\/Abiturverleihung24_2-300x200.jpg 300w, https:\/\/www.stromberg-gymnasium.de\/wordpress\/wp-content\/uploads\/2024\/07\/Abiturverleihung24_2-768x512.jpg 768w, https:\/\/www.stromberg-gymnasium.de\/wordpress\/wp-content\/uploads\/2024\/07\/Abiturverleihung24_2-360x240.jpg 360w\" sizes=\"auto, (max-width: 1000px) 100vw, 1000px\" \/><figcaption class=\"wp-element-caption\">Frau Kranich begl\u00fcckw\u00fcnscht die nun ehemaligen Sch\u00fclerinnen und Sch\u00fcler zum bestandenen Abitur.<\/figcaption><\/figure>\n\n\n\n<figure class=\"wp-block-image size-large\"><img loading=\"lazy\" decoding=\"async\" width=\"1000\" height=\"667\" data-id=\"31462\" src=\"https:\/\/www.stromberg-gymnasium.de\/wordpress\/wp-content\/uploads\/2024\/07\/Abiturverleihung24_3.jpg\" alt=\"\" class=\"wp-image-31462\" srcset=\"https:\/\/www.stromberg-gymnasium.de\/wordpress\/wp-content\/uploads\/2024\/07\/Abiturverleihung24_3.jpg 1000w, https:\/\/www.stromberg-gymnasium.de\/wordpress\/wp-content\/uploads\/2024\/07\/Abiturverleihung24_3-300x200.jpg 300w, https:\/\/www.stromberg-gymnasium.de\/wordpress\/wp-content\/uploads\/2024\/07\/Abiturverleihung24_3-768x512.jpg 768w, https:\/\/www.stromberg-gymnasium.de\/wordpress\/wp-content\/uploads\/2024\/07\/Abiturverleihung24_3-360x240.jpg 360w\" sizes=\"auto, (max-width: 1000px) 100vw, 1000px\" \/><figcaption class=\"wp-element-caption\">Scheffelpreistr\u00e4gerin Jana Rogalla dankt dem Jahrgang f\u00fcr die sch\u00f6nen gemeinsamen Erinnerungen.<\/figcaption><\/figure>\n\n\n\n<figure class=\"wp-block-image size-large\"><img loading=\"lazy\" decoding=\"async\" width=\"1000\" height=\"667\" data-id=\"31460\" src=\"https:\/\/www.stromberg-gymnasium.de\/wordpress\/wp-content\/uploads\/2024\/07\/Abiturverleihung24_4.jpg\" alt=\"\" class=\"wp-image-31460\" srcset=\"https:\/\/www.stromberg-gymnasium.de\/wordpress\/wp-content\/uploads\/2024\/07\/Abiturverleihung24_4.jpg 1000w, https:\/\/www.stromberg-gymnasium.de\/wordpress\/wp-content\/uploads\/2024\/07\/Abiturverleihung24_4-300x200.jpg 300w, https:\/\/www.stromberg-gymnasium.de\/wordpress\/wp-content\/uploads\/2024\/07\/Abiturverleihung24_4-768x512.jpg 768w, https:\/\/www.stromberg-gymnasium.de\/wordpress\/wp-content\/uploads\/2024\/07\/Abiturverleihung24_4-360x240.jpg 360w\" sizes=\"auto, (max-width: 1000px) 100vw, 1000px\" \/><figcaption class=\"wp-element-caption\">Joschua Hettler und Sarah Steger bereichern das Programm mit einem musikalischen Beitrag.<\/figcaption><\/figure>\n\n\n\n<figure class=\"wp-block-image size-large\"><img loading=\"lazy\" decoding=\"async\" width=\"1000\" height=\"667\" data-id=\"31463\" src=\"https:\/\/www.stromberg-gymnasium.de\/wordpress\/wp-content\/uploads\/2024\/07\/Abiturverleihung24_5.jpg\" alt=\"\" class=\"wp-image-31463\" srcset=\"https:\/\/www.stromberg-gymnasium.de\/wordpress\/wp-content\/uploads\/2024\/07\/Abiturverleihung24_5.jpg 1000w, https:\/\/www.stromberg-gymnasium.de\/wordpress\/wp-content\/uploads\/2024\/07\/Abiturverleihung24_5-300x200.jpg 300w, https:\/\/www.stromberg-gymnasium.de\/wordpress\/wp-content\/uploads\/2024\/07\/Abiturverleihung24_5-768x512.jpg 768w, https:\/\/www.stromberg-gymnasium.de\/wordpress\/wp-content\/uploads\/2024\/07\/Abiturverleihung24_5-360x240.jpg 360w\" sizes=\"auto, (max-width: 1000px) 100vw, 1000px\" \/><figcaption class=\"wp-element-caption\">Obertutorin Leonie Pautz und stellvertretender Schulleiter Roland Wirth bereiten die Zeugnisverleihung vor.<\/figcaption><\/figure>\n\n\n\n<figure class=\"wp-block-image size-large\"><img loading=\"lazy\" decoding=\"async\" width=\"1000\" height=\"667\" data-id=\"31465\" src=\"https:\/\/www.stromberg-gymnasium.de\/wordpress\/wp-content\/uploads\/2024\/07\/Abiturverleihung24_6.jpg\" alt=\"\" class=\"wp-image-31465\" srcset=\"https:\/\/www.stromberg-gymnasium.de\/wordpress\/wp-content\/uploads\/2024\/07\/Abiturverleihung24_6.jpg 1000w, https:\/\/www.stromberg-gymnasium.de\/wordpress\/wp-content\/uploads\/2024\/07\/Abiturverleihung24_6-300x200.jpg 300w, https:\/\/www.stromberg-gymnasium.de\/wordpress\/wp-content\/uploads\/2024\/07\/Abiturverleihung24_6-768x512.jpg 768w, https:\/\/www.stromberg-gymnasium.de\/wordpress\/wp-content\/uploads\/2024\/07\/Abiturverleihung24_6-360x240.jpg 360w\" sizes=\"auto, (max-width: 1000px) 100vw, 1000px\" \/><figcaption class=\"wp-element-caption\">Mit einem Schnitt von 1,99 verl\u00e4sst der leistungsstarke Jahrgang das Stromberg-Gymnasium.<\/figcaption><\/figure>\n<\/figure>\n","protected":false},"excerpt":{"rendered":"<p>Feierliche Vergabe der Abiturzeugnisse am Stromberg-Gymnasium<\/p>\n","protected":false},"author":1,"featured_media":31466,"comment_status":"closed","ping_status":"closed","sticky":false,"template":"","format":"standard","meta":{"footnotes":""},"categories":[4],"tags":[95,5],"class_list":["post-31459","post","type-post","status-publish","format-standard","has-post-thumbnail","hentry","category-veranstaltungen","tag-abitur","tag-ueber-uns"],"_links":{"self":[{"href":"https:\/\/www.stromberg-gymnasium.de\/index.php?rest_route=\/wp\/v2\/posts\/31459","targetHints":{"allow":["GET"]}}],"collection":[{"href":"https:\/\/www.stromberg-gymnasium.de\/index.php?rest_route=\/wp\/v2\/posts"}],"about":[{"href":"https:\/\/www.stromberg-gymnasium.de\/index.php?rest_route=\/wp\/v2\/types\/post"}],"author":[{"embeddable":true,"href":"https:\/\/www.stromberg-gymnasium.de\/index.php?rest_route=\/wp\/v2\/users\/1"}],"replies":[{"embeddable":true,"href":"https:\/\/www.stromberg-gymnasium.de\/index.php?rest_route=%2Fwp%2Fv2%2Fcomments&post=31459"}],"version-history":[{"count":2,"href":"https:\/\/www.stromberg-gymnasium.de\/index.php?rest_route=\/wp\/v2\/posts\/31459\/revisions"}],"predecessor-version":[{"id":31469,"href":"https:\/\/www.stromberg-gymnasium.de\/index.php?rest_route=\/wp\/v2\/posts\/31459\/revisions\/31469"}],"wp:featuredmedia":[{"embeddable":true,"href":"https:\/\/www.stromberg-gymnasium.de\/index.php?rest_route=\/wp\/v2\/media\/31466"}],"wp:attachment":[{"href":"https:\/\/www.stromberg-gymnasium.de\/index.php?rest_route=%2Fwp%2Fv2%2Fmedia&parent=31459"}],"wp:term":[{"taxonomy":"category","embeddable":true,"href":"https:\/\/www.stromberg-gymnasium.de\/index.php?rest_route=%2Fwp%2Fv2%2Fcategories&post=31459"},{"taxonomy":"post_tag","embeddable":true,"href":"https:\/\/www.stromberg-gymnasium.de\/index.php?rest_route=%2Fwp%2Fv2%2Ftags&post=31459"}],"curies":[{"name":"wp","href":"https:\/\/api.w.org\/{rel}","templated":true}]}}