{"id":32079,"date":"2025-02-09T18:18:57","date_gmt":"2025-02-09T17:18:57","guid":{"rendered":"https:\/\/www.stromberg-gymnasium.de\/?p=32079"},"modified":"2025-02-09T18:18:57","modified_gmt":"2025-02-09T17:18:57","slug":"sie-koennen-schon-mehr-franzoesisch-als-sie-denken","status":"publish","type":"post","link":"https:\/\/www.stromberg-gymnasium.de\/?p=32079","title":{"rendered":"Sie k\u00f6nnen schon mehr Franz\u00f6sisch, als sie denken"},"content":{"rendered":"\n<p><em>Das Stromberg-Gymnasium feiert den Deutsch-Franz\u00f6sischen Tag mit verschiedenen Aktionen, darunter dem Besuch einer Lektorin des FranceMobil<\/em><\/p>\n\n\n\n<p>\u201eDas hat richtig Spa\u00df gemacht\u201c, \u201eIch habe echt schon viel verstanden\u201c, \u201eK\u00f6nnen wir so immer Franz\u00f6sischunterricht machen?\u201c, dies sind einige Kommentare von Sch\u00fclerinnen und Sch\u00fclern der siebten Klasse, die in der vergangenen Woche an einer Animation des&nbsp;<em>FranceMobil<\/em>&nbsp;mit der Lektorin H\u00e9rmance B\u00e9hanzin teilgenommen haben.&nbsp;<\/p>\n\n\n\n<p>Das&nbsp;<em>FranceMobil<\/em>&nbsp;ist ein Programm des deutsch-franz\u00f6sischen Jugendwerks und der franz\u00f6sischen Botschaft in Deutschland,&nbsp;bei dem franz\u00f6sische Muttersprachlerinnen und Muttersprachler in verschiedenen Animationen den Sch\u00fclerinnen und Sch\u00fclern die franz\u00f6sische Sprache und Kultur an Schulen n\u00e4herbringen. Nachdem die Sch\u00fclerinnen und Sch\u00fcler der siebten Klasse nun schon im zweiten Jahr Franz\u00f6sisch lernen, konnten erste Franz\u00f6sischkenntnisse angewandt und vertieft werden. Dazu geh\u00f6rte es, Parallelen zwischen der deutschen und der franz\u00f6sischen Sprache aufzudecken, kleine Kurzpr\u00e4sentationen zu \u00fcben und dabei viel Franz\u00f6sisch zu h\u00f6ren und zu sprechen. Zudem hatten die Sch\u00fclerinnen und Sch\u00fcler die Gelegenheit, eine Muttersprachlerin zu sprachlichen und kulturellen Besonderheiten zu befragen.&nbsp;<\/p>\n\n\n\n<p>Besonders begeistert waren die Sch\u00fclerinnen und Sch\u00fcler davon, die franz\u00f6sische Version von \u201eKopf, Schulter, Knie und Fu\u00df\u201c einzu\u00fcben: \u201et\u00eate, \u00e9paules, g\u00e9noux, pieds\u201c und dabei m\u00f6glichst flink auf die passenden K\u00f6rperteile zu deuten. Doch auch andere Spiele begeisterten die Sch\u00fclerinnen und Sch\u00fcler und zeigten deutlich: Sie k\u00f6nnen schon viel mehr Franz\u00f6sisch, als sie denken!<\/p>\n\n\n\n<p>Der Besuch des&nbsp;<em>FranceMobil<\/em>&nbsp;ist eine von unterschiedlichen Aktionen, mit denen die Fachschaft Franz\u00f6sisch j\u00e4hrlich Ende Januar den Deutsch-Franz\u00f6sischen Tag (22. Januar) feiert. Auch ein von einer zehnten Klasse gestaltetes \u201eQuiz franco-allemand\u201c f\u00fcr die Franz\u00f6sisch-Anf\u00e4nger der Klassenstufe 6, ein \u201ePausenradio spezial\u201c mit franz\u00f6sischsprachigen Hits sowie eine kleine Ausstellung im Foyer \u00fcber deutsch-franz\u00f6sische Institutionen sorgen daf\u00fcr, dass die freundschaftliche Beziehung der beiden L\u00e4nder f\u00fcr die Sch\u00fclerinnen und Sch\u00fcler erlebbar wird und der Spa\u00df an ihrer zweiten Fremdsprache erhalten bleibt.&nbsp;<\/p>\n\n\n\n<p class=\"has-text-align-right\"><em>Bericht: Rf\/F\u00f6, Fotos: Rf<\/em><em><\/em><\/p>\n\n\n\n<figure class=\"wp-block-gallery has-nested-images columns-default is-cropped wp-block-gallery-1 is-layout-flex wp-block-gallery-is-layout-flex\">\n<figure class=\"wp-block-image size-large\"><img loading=\"lazy\" decoding=\"async\" width=\"1024\" height=\"768\" data-id=\"32081\" src=\"https:\/\/www.stromberg-gymnasium.de\/wordpress\/wp-content\/uploads\/2025\/02\/IMG_0623.jpeg\" alt=\"\" class=\"wp-image-32081\" srcset=\"https:\/\/www.stromberg-gymnasium.de\/wordpress\/wp-content\/uploads\/2025\/02\/IMG_0623.jpeg 1024w, https:\/\/www.stromberg-gymnasium.de\/wordpress\/wp-content\/uploads\/2025\/02\/IMG_0623-300x225.jpeg 300w, https:\/\/www.stromberg-gymnasium.de\/wordpress\/wp-content\/uploads\/2025\/02\/IMG_0623-768x576.jpeg 768w, https:\/\/www.stromberg-gymnasium.de\/wordpress\/wp-content\/uploads\/2025\/02\/IMG_0623-360x270.jpeg 360w\" sizes=\"auto, (max-width: 1024px) 100vw, 1024px\" \/><\/figure>\n\n\n\n<figure class=\"wp-block-image size-large\"><img loading=\"lazy\" decoding=\"async\" width=\"1024\" height=\"768\" data-id=\"32082\" src=\"https:\/\/www.stromberg-gymnasium.de\/wordpress\/wp-content\/uploads\/2025\/02\/IMG_0616.jpeg\" alt=\"\" class=\"wp-image-32082\" srcset=\"https:\/\/www.stromberg-gymnasium.de\/wordpress\/wp-content\/uploads\/2025\/02\/IMG_0616.jpeg 1024w, https:\/\/www.stromberg-gymnasium.de\/wordpress\/wp-content\/uploads\/2025\/02\/IMG_0616-300x225.jpeg 300w, https:\/\/www.stromberg-gymnasium.de\/wordpress\/wp-content\/uploads\/2025\/02\/IMG_0616-768x576.jpeg 768w, https:\/\/www.stromberg-gymnasium.de\/wordpress\/wp-content\/uploads\/2025\/02\/IMG_0616-360x270.jpeg 360w\" sizes=\"auto, (max-width: 1024px) 100vw, 1024px\" \/><\/figure>\n<\/figure>\n\n\n\n<figure class=\"wp-block-gallery has-nested-images columns-default is-cropped wp-block-gallery-2 is-layout-flex wp-block-gallery-is-layout-flex\">\n<figure class=\"wp-block-image size-large\"><img loading=\"lazy\" decoding=\"async\" width=\"1024\" height=\"768\" data-id=\"32083\" src=\"https:\/\/www.stromberg-gymnasium.de\/wordpress\/wp-content\/uploads\/2025\/02\/IMG_0605.jpeg\" alt=\"\" class=\"wp-image-32083\" srcset=\"https:\/\/www.stromberg-gymnasium.de\/wordpress\/wp-content\/uploads\/2025\/02\/IMG_0605.jpeg 1024w, https:\/\/www.stromberg-gymnasium.de\/wordpress\/wp-content\/uploads\/2025\/02\/IMG_0605-300x225.jpeg 300w, https:\/\/www.stromberg-gymnasium.de\/wordpress\/wp-content\/uploads\/2025\/02\/IMG_0605-768x576.jpeg 768w, https:\/\/www.stromberg-gymnasium.de\/wordpress\/wp-content\/uploads\/2025\/02\/IMG_0605-360x270.jpeg 360w\" sizes=\"auto, (max-width: 1024px) 100vw, 1024px\" \/><\/figure>\n\n\n\n<figure class=\"wp-block-image size-large\"><img loading=\"lazy\" decoding=\"async\" width=\"1024\" height=\"768\" data-id=\"32084\" src=\"https:\/\/www.stromberg-gymnasium.de\/wordpress\/wp-content\/uploads\/2025\/02\/IMG_0603.jpeg\" alt=\"\" class=\"wp-image-32084\" srcset=\"https:\/\/www.stromberg-gymnasium.de\/wordpress\/wp-content\/uploads\/2025\/02\/IMG_0603.jpeg 1024w, https:\/\/www.stromberg-gymnasium.de\/wordpress\/wp-content\/uploads\/2025\/02\/IMG_0603-300x225.jpeg 300w, https:\/\/www.stromberg-gymnasium.de\/wordpress\/wp-content\/uploads\/2025\/02\/IMG_0603-768x576.jpeg 768w, https:\/\/www.stromberg-gymnasium.de\/wordpress\/wp-content\/uploads\/2025\/02\/IMG_0603-360x270.jpeg 360w\" sizes=\"auto, (max-width: 1024px) 100vw, 1024px\" \/><\/figure>\n<\/figure>\n","protected":false},"excerpt":{"rendered":"<p>Das Stromberg-Gymnasium feiert den Deutsch-Franz\u00f6sischen Tag mit verschiedenen Aktionen, darunter dem Besuch einer Lektorin des FranceMobil<\/p>\n","protected":false},"author":7,"featured_media":32086,"comment_status":"closed","ping_status":"closed","sticky":false,"template":"","format":"standard","meta":{"footnotes":""},"categories":[6],"tags":[29],"class_list":["post-32079","post","type-post","status-publish","format-standard","has-post-thumbnail","hentry","category-unterricht","tag-franzoesisch"],"_links":{"self":[{"href":"https:\/\/www.stromberg-gymnasium.de\/index.php?rest_route=\/wp\/v2\/posts\/32079","targetHints":{"allow":["GET"]}}],"collection":[{"href":"https:\/\/www.stromberg-gymnasium.de\/index.php?rest_route=\/wp\/v2\/posts"}],"about":[{"href":"https:\/\/www.stromberg-gymnasium.de\/index.php?rest_route=\/wp\/v2\/types\/post"}],"author":[{"embeddable":true,"href":"https:\/\/www.stromberg-gymnasium.de\/index.php?rest_route=\/wp\/v2\/users\/7"}],"replies":[{"embeddable":true,"href":"https:\/\/www.stromberg-gymnasium.de\/index.php?rest_route=%2Fwp%2Fv2%2Fcomments&post=32079"}],"version-history":[{"count":3,"href":"https:\/\/www.stromberg-gymnasium.de\/index.php?rest_route=\/wp\/v2\/posts\/32079\/revisions"}],"predecessor-version":[{"id":32087,"href":"https:\/\/www.stromberg-gymnasium.de\/index.php?rest_route=\/wp\/v2\/posts\/32079\/revisions\/32087"}],"wp:featuredmedia":[{"embeddable":true,"href":"https:\/\/www.stromberg-gymnasium.de\/index.php?rest_route=\/wp\/v2\/media\/32086"}],"wp:attachment":[{"href":"https:\/\/www.stromberg-gymnasium.de\/index.php?rest_route=%2Fwp%2Fv2%2Fmedia&parent=32079"}],"wp:term":[{"taxonomy":"category","embeddable":true,"href":"https:\/\/www.stromberg-gymnasium.de\/index.php?rest_route=%2Fwp%2Fv2%2Fcategories&post=32079"},{"taxonomy":"post_tag","embeddable":true,"href":"https:\/\/www.stromberg-gymnasium.de\/index.php?rest_route=%2Fwp%2Fv2%2Ftags&post=32079"}],"curies":[{"name":"wp","href":"https:\/\/api.w.org\/{rel}","templated":true}]}}