{"id":32387,"date":"2025-03-26T08:57:54","date_gmt":"2025-03-26T07:57:54","guid":{"rendered":"https:\/\/www.stromberg-gymnasium.de\/?p=32387"},"modified":"2025-04-01T14:46:59","modified_gmt":"2025-04-01T12:46:59","slug":"we-are-all-different-our-socks-should-be-too","status":"publish","type":"post","link":"https:\/\/www.stromberg-gymnasium.de\/?p=32387","title":{"rendered":"We are all different \u2013 our socks should be too!"},"content":{"rendered":"\n<p><em>Initiative zum Welt-Down-Syndrom-Tag am 21.M\u00e4rz<\/em><\/p>\n\n\n\n<p>Als am letzten Freitag der Unterricht begann, lachten nicht nur die ersten Krokusse bunt in das Klassenzimmer der 6b, sondern auch zahlreiche Socken leuchteten farbig und unpaarig angezogen in dem Raum. Auf die Initiative einer Mitsch\u00fclerin hin zog beinah die gesamte Klasse anl\u00e4sslich des Welt-Down-Syndrom-Tages zwei verschiedene Socken an, um an die Einzigartigkeit jedes Menschen und eine bunte, respektvolle Welt im Gesamten zu erinnern. Wer es doch vergessen hatte, tauschte noch schnell Schuhe und so ergab sich ein fr\u00f6hliches Durcheinander am Fu\u00dfboden, das auf dem Schulhof als Foto festgehalten wurde.<\/p>\n\n\n\n<p>Mit den zwei verschiedenen Socken wird nicht nur darauf hingewiesen, dass jeder Mensch einzigartig ist, sondern die Socke ist auch deshalb Symbol f\u00fcr den Welt-Down-Syndrom-Tag, weil Menschen mit Down-Syndrom, also Trisomie 21, ein zus\u00e4tzliches Chromosom mit der Form einer Socke besitzen. (#bunteSockenf\u00fcrVielfalt)<\/p>\n\n\n\n<p>Eine Gruppe von Menschen mit Down-Syndrom aus dem Libanon kam im Jahr 2013 auf die Idee. Die Gruppe w\u00fcnschte sich, alle Menschen sollen an dem Tag zwei verschiedene Socken anziehen: geringelte Socken, bunte Socken, Socken mit Punkten, keine Socken, lange Socken, kurze Socken. Und so entstand das Motto: &#8222;We are all different \u2013 our socks should be too!&#8220;<\/p>\n\n\n\n<p>Menschen auf der ganzen Welt folgen am 21. M\u00e4rz dieser Idee und setzen damit ein buntes Zeichen f\u00fcr Toleranz und Vielfalt!<\/p>\n\n\n\n<p class=\"has-text-align-right\"><em>Bericht und Fotos: Ci<\/em><\/p>\n\n\n\n<figure class=\"wp-block-gallery has-nested-images columns-default is-cropped wp-block-gallery-1 is-layout-flex wp-block-gallery-is-layout-flex\">\n<figure class=\"wp-block-image size-large\"><img loading=\"lazy\" decoding=\"async\" width=\"1000\" height=\"1000\" data-id=\"32388\" src=\"https:\/\/www.stromberg-gymnasium.de\/wordpress\/wp-content\/uploads\/2025\/03\/WeltDownSyndromTag_4.jpg\" alt=\"\" class=\"wp-image-32388\" srcset=\"https:\/\/www.stromberg-gymnasium.de\/wordpress\/wp-content\/uploads\/2025\/03\/WeltDownSyndromTag_4.jpg 1000w, https:\/\/www.stromberg-gymnasium.de\/wordpress\/wp-content\/uploads\/2025\/03\/WeltDownSyndromTag_4-300x300.jpg 300w, https:\/\/www.stromberg-gymnasium.de\/wordpress\/wp-content\/uploads\/2025\/03\/WeltDownSyndromTag_4-150x150.jpg 150w, https:\/\/www.stromberg-gymnasium.de\/wordpress\/wp-content\/uploads\/2025\/03\/WeltDownSyndromTag_4-768x768.jpg 768w, https:\/\/www.stromberg-gymnasium.de\/wordpress\/wp-content\/uploads\/2025\/03\/WeltDownSyndromTag_4-270x270.jpg 270w\" sizes=\"auto, (max-width: 1000px) 100vw, 1000px\" \/><\/figure>\n\n\n\n<figure class=\"wp-block-image size-large\"><img loading=\"lazy\" decoding=\"async\" width=\"1000\" height=\"750\" data-id=\"32391\" src=\"https:\/\/www.stromberg-gymnasium.de\/wordpress\/wp-content\/uploads\/2025\/03\/WeltDownSyndromTag_1.jpg\" alt=\"\" class=\"wp-image-32391\" srcset=\"https:\/\/www.stromberg-gymnasium.de\/wordpress\/wp-content\/uploads\/2025\/03\/WeltDownSyndromTag_1.jpg 1000w, https:\/\/www.stromberg-gymnasium.de\/wordpress\/wp-content\/uploads\/2025\/03\/WeltDownSyndromTag_1-300x225.jpg 300w, https:\/\/www.stromberg-gymnasium.de\/wordpress\/wp-content\/uploads\/2025\/03\/WeltDownSyndromTag_1-768x576.jpg 768w, https:\/\/www.stromberg-gymnasium.de\/wordpress\/wp-content\/uploads\/2025\/03\/WeltDownSyndromTag_1-360x270.jpg 360w\" sizes=\"auto, (max-width: 1000px) 100vw, 1000px\" \/><\/figure>\n\n\n\n<figure class=\"wp-block-image size-large\"><img loading=\"lazy\" decoding=\"async\" width=\"778\" height=\"1000\" data-id=\"32389\" src=\"https:\/\/www.stromberg-gymnasium.de\/wordpress\/wp-content\/uploads\/2025\/03\/WeltDownSyndromTag_2.jpg\" alt=\"\" class=\"wp-image-32389\" srcset=\"https:\/\/www.stromberg-gymnasium.de\/wordpress\/wp-content\/uploads\/2025\/03\/WeltDownSyndromTag_2.jpg 778w, https:\/\/www.stromberg-gymnasium.de\/wordpress\/wp-content\/uploads\/2025\/03\/WeltDownSyndromTag_2-233x300.jpg 233w, https:\/\/www.stromberg-gymnasium.de\/wordpress\/wp-content\/uploads\/2025\/03\/WeltDownSyndromTag_2-768x987.jpg 768w, https:\/\/www.stromberg-gymnasium.de\/wordpress\/wp-content\/uploads\/2025\/03\/WeltDownSyndromTag_2-210x270.jpg 210w\" sizes=\"auto, (max-width: 778px) 100vw, 778px\" \/><\/figure>\n\n\n\n<figure class=\"wp-block-image size-large\"><img loading=\"lazy\" decoding=\"async\" width=\"1000\" height=\"692\" data-id=\"32390\" src=\"https:\/\/www.stromberg-gymnasium.de\/wordpress\/wp-content\/uploads\/2025\/03\/WeltDownSyndromTag_3.jpg\" alt=\"\" class=\"wp-image-32390\" srcset=\"https:\/\/www.stromberg-gymnasium.de\/wordpress\/wp-content\/uploads\/2025\/03\/WeltDownSyndromTag_3.jpg 1000w, https:\/\/www.stromberg-gymnasium.de\/wordpress\/wp-content\/uploads\/2025\/03\/WeltDownSyndromTag_3-300x208.jpg 300w, https:\/\/www.stromberg-gymnasium.de\/wordpress\/wp-content\/uploads\/2025\/03\/WeltDownSyndromTag_3-768x531.jpg 768w, https:\/\/www.stromberg-gymnasium.de\/wordpress\/wp-content\/uploads\/2025\/03\/WeltDownSyndromTag_3-360x249.jpg 360w\" sizes=\"auto, (max-width: 1000px) 100vw, 1000px\" \/><\/figure>\n<\/figure>\n","protected":false},"excerpt":{"rendered":"<p>Initiative zum Welt-Down-Syndrom-Tag am 21.M\u00e4rz<\/p>\n","protected":false},"author":1,"featured_media":32392,"comment_status":"closed","ping_status":"closed","sticky":false,"template":"","format":"standard","meta":{"footnotes":""},"categories":[1],"tags":[27],"class_list":["post-32387","post","type-post","status-publish","format-standard","has-post-thumbnail","hentry","category-allgemein","tag-globales-lernen"],"_links":{"self":[{"href":"https:\/\/www.stromberg-gymnasium.de\/index.php?rest_route=\/wp\/v2\/posts\/32387","targetHints":{"allow":["GET"]}}],"collection":[{"href":"https:\/\/www.stromberg-gymnasium.de\/index.php?rest_route=\/wp\/v2\/posts"}],"about":[{"href":"https:\/\/www.stromberg-gymnasium.de\/index.php?rest_route=\/wp\/v2\/types\/post"}],"author":[{"embeddable":true,"href":"https:\/\/www.stromberg-gymnasium.de\/index.php?rest_route=\/wp\/v2\/users\/1"}],"replies":[{"embeddable":true,"href":"https:\/\/www.stromberg-gymnasium.de\/index.php?rest_route=%2Fwp%2Fv2%2Fcomments&post=32387"}],"version-history":[{"count":1,"href":"https:\/\/www.stromberg-gymnasium.de\/index.php?rest_route=\/wp\/v2\/posts\/32387\/revisions"}],"predecessor-version":[{"id":32393,"href":"https:\/\/www.stromberg-gymnasium.de\/index.php?rest_route=\/wp\/v2\/posts\/32387\/revisions\/32393"}],"wp:featuredmedia":[{"embeddable":true,"href":"https:\/\/www.stromberg-gymnasium.de\/index.php?rest_route=\/wp\/v2\/media\/32392"}],"wp:attachment":[{"href":"https:\/\/www.stromberg-gymnasium.de\/index.php?rest_route=%2Fwp%2Fv2%2Fmedia&parent=32387"}],"wp:term":[{"taxonomy":"category","embeddable":true,"href":"https:\/\/www.stromberg-gymnasium.de\/index.php?rest_route=%2Fwp%2Fv2%2Fcategories&post=32387"},{"taxonomy":"post_tag","embeddable":true,"href":"https:\/\/www.stromberg-gymnasium.de\/index.php?rest_route=%2Fwp%2Fv2%2Ftags&post=32387"}],"curies":[{"name":"wp","href":"https:\/\/api.w.org\/{rel}","templated":true}]}}