{"id":32771,"date":"2025-07-30T19:15:18","date_gmt":"2025-07-30T17:15:18","guid":{"rendered":"https:\/\/www.stromberg-gymnasium.de\/?p=32771"},"modified":"2025-07-30T19:15:18","modified_gmt":"2025-07-30T17:15:18","slug":"sommerhighlight-die-big-band-des-stromberg-gymnasiums-im-mvv-pavillon","status":"publish","type":"post","link":"https:\/\/www.stromberg-gymnasium.de\/?p=32771","title":{"rendered":"Sommerhighlight: Die Big Band des Stromberg-Gymnasiums im MVV-Pavillon"},"content":{"rendered":"\n<p><em>Zwei bestens aufeinander eingespielte Ensembles sorgen kurz vor Ende des Schuljahresende f\u00fcr einen musikalischen Hochgenuss.<\/em><\/p>\n\n\n\n<p>\u201eA Two Big Band Splash\u201c \u2013 unter diesem Motto stand der After-Work-Jazz des Musikvereins Vaihingen\/Enz e.V. Ende Juli. Zwei Big Bands, zwei unterhaltsame Dirigenten \u2013 diese Mischung ergibt einen gelungenen Abend mit mitrei\u00dfenden Rhythmen. So kann man mit wenigen Worten den zweieinhalbst\u00fcndigen Jam am Dienstagabend beschreiben.<\/p>\n\n\n\n<figure class=\"wp-block-gallery has-nested-images columns-default is-cropped wp-block-gallery-1 is-layout-flex wp-block-gallery-is-layout-flex\">\n<figure class=\"wp-block-image size-large\"><img loading=\"lazy\" decoding=\"async\" width=\"1000\" height=\"563\" data-id=\"32773\" src=\"https:\/\/www.stromberg-gymnasium.de\/wordpress\/wp-content\/uploads\/2025\/07\/BigBandundMVV2025_1.jpg\" alt=\"\" class=\"wp-image-32773\" srcset=\"https:\/\/www.stromberg-gymnasium.de\/wordpress\/wp-content\/uploads\/2025\/07\/BigBandundMVV2025_1.jpg 1000w, https:\/\/www.stromberg-gymnasium.de\/wordpress\/wp-content\/uploads\/2025\/07\/BigBandundMVV2025_1-300x169.jpg 300w, https:\/\/www.stromberg-gymnasium.de\/wordpress\/wp-content\/uploads\/2025\/07\/BigBandundMVV2025_1-768x432.jpg 768w, https:\/\/www.stromberg-gymnasium.de\/wordpress\/wp-content\/uploads\/2025\/07\/BigBandundMVV2025_1-360x203.jpg 360w\" sizes=\"auto, (max-width: 1000px) 100vw, 1000px\" \/><figcaption class=\"wp-element-caption\">Die Big Band des Stromberg-Gymnasiums unter Leitung von Herrn Stein, begleitet von Frau F\u00f6rnzler am Klavier.<\/figcaption><\/figure>\n\n\n\n<figure class=\"wp-block-image size-large\"><img loading=\"lazy\" decoding=\"async\" width=\"1000\" height=\"462\" data-id=\"32775\" src=\"https:\/\/www.stromberg-gymnasium.de\/wordpress\/wp-content\/uploads\/2025\/07\/BigBandundMVV2025_5.jpg\" alt=\"\" class=\"wp-image-32775\" srcset=\"https:\/\/www.stromberg-gymnasium.de\/wordpress\/wp-content\/uploads\/2025\/07\/BigBandundMVV2025_5.jpg 1000w, https:\/\/www.stromberg-gymnasium.de\/wordpress\/wp-content\/uploads\/2025\/07\/BigBandundMVV2025_5-300x139.jpg 300w, https:\/\/www.stromberg-gymnasium.de\/wordpress\/wp-content\/uploads\/2025\/07\/BigBandundMVV2025_5-768x355.jpg 768w, https:\/\/www.stromberg-gymnasium.de\/wordpress\/wp-content\/uploads\/2025\/07\/BigBandundMVV2025_5-360x166.jpg 360w\" sizes=\"auto, (max-width: 1000px) 100vw, 1000px\" \/><figcaption class=\"wp-element-caption\">Gemeinsamer Auftritt der MVV-Big Band mit der Big Band des Stromberg-Gymnasiums, dirigiert von Herrn Stein\u2026<\/figcaption><\/figure>\n\n\n\n<figure class=\"wp-block-image size-large\"><img loading=\"lazy\" decoding=\"async\" width=\"1000\" height=\"750\" data-id=\"32777\" src=\"https:\/\/www.stromberg-gymnasium.de\/wordpress\/wp-content\/uploads\/2025\/07\/BigBandundMVV2025_6.jpg\" alt=\"\" class=\"wp-image-32777\" srcset=\"https:\/\/www.stromberg-gymnasium.de\/wordpress\/wp-content\/uploads\/2025\/07\/BigBandundMVV2025_6.jpg 1000w, https:\/\/www.stromberg-gymnasium.de\/wordpress\/wp-content\/uploads\/2025\/07\/BigBandundMVV2025_6-300x225.jpg 300w, https:\/\/www.stromberg-gymnasium.de\/wordpress\/wp-content\/uploads\/2025\/07\/BigBandundMVV2025_6-768x576.jpg 768w, https:\/\/www.stromberg-gymnasium.de\/wordpress\/wp-content\/uploads\/2025\/07\/BigBandundMVV2025_6-360x270.jpg 360w\" sizes=\"auto, (max-width: 1000px) 100vw, 1000px\" \/><figcaption class=\"wp-element-caption\">\u2026und am Klavier begleitet von Andreas Rapp, dem Leiter der MVV-Big Band.<\/figcaption><\/figure>\n<\/figure>\n\n\n\n<p>Unter der Leitung von Musiklehrer Patrick Stein er\u00f6ffnete die Big Band des Stromberg-Gymnasiums den Abend mit <em>Ain\u2019t no Sunshine <\/em>von Bill Withers. Das folgende Musikst\u00fcck <em>Final Countdown <\/em>schien programmatisch f\u00fcr die Band: Nicht nur, dass der Auftritt ein H\u00f6hepunkt zum Ende des Schuljahres f\u00fcr die Band war, es war zugleich der letzte Auftritt in dieser Besetzung: Kathi Sternberger an der Posaune und Max Riedinger an der Trompete haben erfolgreich ihr Abitur in der Tasche und werden nicht nur in der Schule, sondern vor allem in der Big Band eine sp\u00fcrbare L\u00fccke hinterlassen. Wie sch\u00f6n f\u00fcr das Publikum, dass die beiden immer wieder durch ihr Solospiel einen besonderen H\u00f6rgenuss vermittelten. Da war die herzliche Einladung von Andreas Rapp, dem Leiter der MVV-Big Band, die den zweiten Teil des Abends gestaltete, nur eine logische Konsequenz: Kathi und Max seien immer herzlich willkommen, in der Bigband des MVV mitzuwirken und dort ihr K\u00f6nnen einzubringen.<\/p>\n\n\n\n<figure class=\"wp-block-gallery has-nested-images columns-default is-cropped wp-block-gallery-2 is-layout-flex wp-block-gallery-is-layout-flex\">\n<figure class=\"wp-block-image size-large\"><img loading=\"lazy\" decoding=\"async\" width=\"750\" height=\"1000\" data-id=\"32776\" src=\"https:\/\/www.stromberg-gymnasium.de\/wordpress\/wp-content\/uploads\/2025\/07\/BigBandundMVV2025_2.jpg\" alt=\"\" class=\"wp-image-32776\" srcset=\"https:\/\/www.stromberg-gymnasium.de\/wordpress\/wp-content\/uploads\/2025\/07\/BigBandundMVV2025_2.jpg 750w, https:\/\/www.stromberg-gymnasium.de\/wordpress\/wp-content\/uploads\/2025\/07\/BigBandundMVV2025_2-225x300.jpg 225w, https:\/\/www.stromberg-gymnasium.de\/wordpress\/wp-content\/uploads\/2025\/07\/BigBandundMVV2025_2-203x270.jpg 203w\" sizes=\"auto, (max-width: 750px) 100vw, 750px\" \/><figcaption class=\"wp-element-caption\">Saxophon-Solo von Ida Fritsch<\/figcaption><\/figure>\n\n\n\n<figure class=\"wp-block-image size-large\"><img loading=\"lazy\" decoding=\"async\" width=\"750\" height=\"1000\" data-id=\"32772\" src=\"https:\/\/www.stromberg-gymnasium.de\/wordpress\/wp-content\/uploads\/2025\/07\/BigBandundMVV2025_3.jpg\" alt=\"\" class=\"wp-image-32772\" srcset=\"https:\/\/www.stromberg-gymnasium.de\/wordpress\/wp-content\/uploads\/2025\/07\/BigBandundMVV2025_3.jpg 750w, https:\/\/www.stromberg-gymnasium.de\/wordpress\/wp-content\/uploads\/2025\/07\/BigBandundMVV2025_3-225x300.jpg 225w, https:\/\/www.stromberg-gymnasium.de\/wordpress\/wp-content\/uploads\/2025\/07\/BigBandundMVV2025_3-203x270.jpg 203w\" sizes=\"auto, (max-width: 750px) 100vw, 750px\" \/><figcaption class=\"wp-element-caption\">Final Countdown f\u00fcr Kathi Sternberger an der Posaune\u2026<\/figcaption><\/figure>\n\n\n\n<figure class=\"wp-block-image size-large\"><img loading=\"lazy\" decoding=\"async\" width=\"750\" height=\"1000\" data-id=\"32774\" src=\"https:\/\/www.stromberg-gymnasium.de\/wordpress\/wp-content\/uploads\/2025\/07\/BigBandundMVV2025_4.jpg\" alt=\"\" class=\"wp-image-32774\" srcset=\"https:\/\/www.stromberg-gymnasium.de\/wordpress\/wp-content\/uploads\/2025\/07\/BigBandundMVV2025_4.jpg 750w, https:\/\/www.stromberg-gymnasium.de\/wordpress\/wp-content\/uploads\/2025\/07\/BigBandundMVV2025_4-225x300.jpg 225w, https:\/\/www.stromberg-gymnasium.de\/wordpress\/wp-content\/uploads\/2025\/07\/BigBandundMVV2025_4-203x270.jpg 203w\" sizes=\"auto, (max-width: 750px) 100vw, 750px\" \/><figcaption class=\"wp-element-caption\">\u2026und f\u00fcr Max Riedinger an der Trompete.<\/figcaption><\/figure>\n<\/figure>\n\n\n\n<p>Die \u201aStromberg-Programmpunkte\u2018 wie zum Beispiel: \u201eAutumn Leaves\u201cund \u201eParty Rock Anthem\u201c zeigten die Bandbreite von melancholischem bis zu mitrei\u00dfendem Jazz, den die Band gekonnt vermittelte und die den Musikpavillon in eine Stimmung zwischen Heimweh, Sehnsucht und unb\u00e4ndiger Partylaune versetzte. F\u00fcr die gute Stimmung sorgten nicht nur die Band und die Solistinnen Sinja Ansel an der Posaune (bei dem Musikst\u00fcck \u201eMoves like Jagger\u201c) und Ida Fritsch am Saxophon (u.a. bei \u201eLibertango\u201c und \u201eShallow\u201c), sondern auch die flotten, aber auch informativen Spr\u00fcche des Dirigenten Patrick Stein. Mit einer frenetisch geforderten Zugabe verabschiedete sich die erste Band dann in die Pause.<\/p>\n\n\n\n<p>Flotte Spr\u00fcche zu den einzelnen musikalischen Beitr\u00e4gen hatte auch Andreas Rapp parat. Er und seine Musiker spielten in gewohnter MVV-Manier im zweiten Teil des Jams auf und begeisterten mit unterhaltsamem Jazz, Gesangseinlagen und beeindruckenden Soli.<\/p>\n\n\n\n<p>\u201eA Two Big Band Splash\u201c war eine einzigartige Symbiose zweier Bigbands: Die Idee daf\u00fcr kam von der ehemaligen Sch\u00fclerin Lea Fleischle aus der MVV-Big Band. Gewisserma\u00dfen als eine Hommage an die ehemalige Schule unterst\u00fctzte sie wie auch Alexander Hecht an den Percussions als MVV-Mitglied die Stromberg-Big Band. So konnte einer breiten \u00d6ffentlichkeit der Geist der Hocketse, die anl\u00e4sslich des 25-j\u00e4hrigen Jubil\u00e4ums des Stromberg-Gymnasiums vor kurzem stattfand, vermittelt werden: Gemeinsamkeit verbindet. Die Big Band als Verbindung zwischen Hier und Damals, eine Institution, die verbindet und \u00fcber die Schulzeit und die Tore der Schule hinauswirkt, ist diesbez\u00fcglich ein ganz besonders wichtiger Faktor. Dies kam dann auch im Schlussteil des After-Work-Jazz-Konzerts zum Ausdruck: Wie selbstverst\u00e4ndlich reihten sich die Sch\u00fclerinnen und Sch\u00fcler des Stromberg-Gymnasiums in die MVV-Big Band zum letzten Auftritt ein und Patrick Stein und Andreas Rapp f\u00fchrten die beiden Bands gemeinsam durch den abschlie\u00dfenden musikalischen Beitrag \u201eOye Como Va\u201c.<\/p>\n\n\n\n<p>Vielen Dank an alle Beteiligten f\u00fcr das Zusammenspiel, den unterhaltsamen Sommerabend und diesen H\u00f6rgenuss.<\/p>\n\n\n\n<figure class=\"wp-block-gallery has-nested-images columns-default is-cropped wp-block-gallery-3 is-layout-flex wp-block-gallery-is-layout-flex\">\n<figure class=\"wp-block-image size-large\"><img loading=\"lazy\" decoding=\"async\" width=\"1000\" height=\"462\" data-id=\"32778\" src=\"https:\/\/www.stromberg-gymnasium.de\/wordpress\/wp-content\/uploads\/2025\/07\/BigBandundMVV2025_7.jpg\" alt=\"\" class=\"wp-image-32778\" srcset=\"https:\/\/www.stromberg-gymnasium.de\/wordpress\/wp-content\/uploads\/2025\/07\/BigBandundMVV2025_7.jpg 1000w, https:\/\/www.stromberg-gymnasium.de\/wordpress\/wp-content\/uploads\/2025\/07\/BigBandundMVV2025_7-300x139.jpg 300w, https:\/\/www.stromberg-gymnasium.de\/wordpress\/wp-content\/uploads\/2025\/07\/BigBandundMVV2025_7-768x355.jpg 768w, https:\/\/www.stromberg-gymnasium.de\/wordpress\/wp-content\/uploads\/2025\/07\/BigBandundMVV2025_7-360x166.jpg 360w\" sizes=\"auto, (max-width: 1000px) 100vw, 1000px\" \/><figcaption class=\"wp-element-caption\">Begeisterter Applaus vom Publikum\u2026<\/figcaption><\/figure>\n\n\n\n<figure class=\"wp-block-image size-large\"><img loading=\"lazy\" decoding=\"async\" width=\"1000\" height=\"462\" data-id=\"32779\" src=\"https:\/\/www.stromberg-gymnasium.de\/wordpress\/wp-content\/uploads\/2025\/07\/BigBandundMVV2025_8.jpg\" alt=\"\" class=\"wp-image-32779\" srcset=\"https:\/\/www.stromberg-gymnasium.de\/wordpress\/wp-content\/uploads\/2025\/07\/BigBandundMVV2025_8.jpg 1000w, https:\/\/www.stromberg-gymnasium.de\/wordpress\/wp-content\/uploads\/2025\/07\/BigBandundMVV2025_8-300x139.jpg 300w, https:\/\/www.stromberg-gymnasium.de\/wordpress\/wp-content\/uploads\/2025\/07\/BigBandundMVV2025_8-768x355.jpg 768w, https:\/\/www.stromberg-gymnasium.de\/wordpress\/wp-content\/uploads\/2025\/07\/BigBandundMVV2025_8-360x166.jpg 360w\" sizes=\"auto, (max-width: 1000px) 100vw, 1000px\" \/><figcaption class=\"wp-element-caption\">\u2026und von den beiden Bandleadern.<\/figcaption><\/figure>\n<\/figure>\n\n\n\n<p class=\"has-text-align-right\"><em>Bericht: Pf, Fotos: MVV, F\u00f6<\/em><\/p>\n\n\n\n<p><strong>Die Besetzung der Big Band des Stromberg-Gymnasiums:<\/strong><\/p>\n\n\n\n<p>Querfl\u00f6te: Soey Alvermann, Julia Schattka<br>Saxophon: Ida Fritsch, Leandra Oberst<br>Posaune: Kathi Sternberger, Sinja Ansel, Lionessa Oberst, Niklas B\u00f6ger<br>Trompete: Elija Burkhardt (Klarinette), Max Riedinger, Roman Fabritius<br>Bassgitarre: Mariya Ludwig<br>Drums: Micha Maier<\/p>\n","protected":false},"excerpt":{"rendered":"<p>Zwei bestens aufeinander eingespielte Ensembles sorgen kurz vor Ende des Schuljahresende f\u00fcr einen musikalischen Hochgenuss.<\/p>\n","protected":false},"author":1,"featured_media":32780,"comment_status":"closed","ping_status":"closed","sticky":false,"template":"","format":"standard","meta":{"footnotes":""},"categories":[4],"tags":[25],"class_list":["post-32771","post","type-post","status-publish","format-standard","has-post-thumbnail","hentry","category-veranstaltungen","tag-musik"],"_links":{"self":[{"href":"https:\/\/www.stromberg-gymnasium.de\/index.php?rest_route=\/wp\/v2\/posts\/32771","targetHints":{"allow":["GET"]}}],"collection":[{"href":"https:\/\/www.stromberg-gymnasium.de\/index.php?rest_route=\/wp\/v2\/posts"}],"about":[{"href":"https:\/\/www.stromberg-gymnasium.de\/index.php?rest_route=\/wp\/v2\/types\/post"}],"author":[{"embeddable":true,"href":"https:\/\/www.stromberg-gymnasium.de\/index.php?rest_route=\/wp\/v2\/users\/1"}],"replies":[{"embeddable":true,"href":"https:\/\/www.stromberg-gymnasium.de\/index.php?rest_route=%2Fwp%2Fv2%2Fcomments&post=32771"}],"version-history":[{"count":1,"href":"https:\/\/www.stromberg-gymnasium.de\/index.php?rest_route=\/wp\/v2\/posts\/32771\/revisions"}],"predecessor-version":[{"id":32781,"href":"https:\/\/www.stromberg-gymnasium.de\/index.php?rest_route=\/wp\/v2\/posts\/32771\/revisions\/32781"}],"wp:featuredmedia":[{"embeddable":true,"href":"https:\/\/www.stromberg-gymnasium.de\/index.php?rest_route=\/wp\/v2\/media\/32780"}],"wp:attachment":[{"href":"https:\/\/www.stromberg-gymnasium.de\/index.php?rest_route=%2Fwp%2Fv2%2Fmedia&parent=32771"}],"wp:term":[{"taxonomy":"category","embeddable":true,"href":"https:\/\/www.stromberg-gymnasium.de\/index.php?rest_route=%2Fwp%2Fv2%2Fcategories&post=32771"},{"taxonomy":"post_tag","embeddable":true,"href":"https:\/\/www.stromberg-gymnasium.de\/index.php?rest_route=%2Fwp%2Fv2%2Ftags&post=32771"}],"curies":[{"name":"wp","href":"https:\/\/api.w.org\/{rel}","templated":true}]}}