{"id":32938,"date":"2025-10-16T17:04:32","date_gmt":"2025-10-16T15:04:32","guid":{"rendered":"https:\/\/www.stromberg-gymnasium.de\/?p=32938"},"modified":"2025-10-16T17:04:33","modified_gmt":"2025-10-16T15:04:33","slug":"trotz-einer-nacht-am-flughafen-eine-gelungene-schwedenreise","status":"publish","type":"post","link":"https:\/\/www.stromberg-gymnasium.de\/?p=32938","title":{"rendered":"Trotz einer Nacht am Flughafen eine gelungene Schwedenreise"},"content":{"rendered":"\n<p>Am Ende sind sich fast alle einig: Am liebsten w\u00e4ren sie noch ein wenig l\u00e4nger in Schweden geblieben \u2013 und es werden eifrig Pl\u00e4ne f\u00fcr ein Wiedersehen in einer der n\u00e4chsten Ferien geschmiedet. Der erste Besuch von Sch\u00fclerinnen und Sch\u00fclern, die in der Jahrgangsstufe zwei des Vaihinger Stromberg-Gymnasiums das Leistungsfach Englisch belegen, an der Peder Skrivares skola im schwedischen Varberg kann somit als voller Erfolg gewertet werden.<\/p>\n\n\n<div class=\"wp-block-image\">\n<figure class=\"alignleft size-medium\"><img loading=\"lazy\" decoding=\"async\" width=\"300\" height=\"225\" src=\"https:\/\/www.stromberg-gymnasium.de\/wordpress\/wp-content\/uploads\/2025\/10\/Schwedenaustausch2025_2-300x225.jpg\" alt=\"\" class=\"wp-image-32941\" srcset=\"https:\/\/www.stromberg-gymnasium.de\/wordpress\/wp-content\/uploads\/2025\/10\/Schwedenaustausch2025_2-300x225.jpg 300w, https:\/\/www.stromberg-gymnasium.de\/wordpress\/wp-content\/uploads\/2025\/10\/Schwedenaustausch2025_2-768x576.jpg 768w, https:\/\/www.stromberg-gymnasium.de\/wordpress\/wp-content\/uploads\/2025\/10\/Schwedenaustausch2025_2-360x270.jpg 360w, https:\/\/www.stromberg-gymnasium.de\/wordpress\/wp-content\/uploads\/2025\/10\/Schwedenaustausch2025_2.jpg 1000w\" sizes=\"auto, (max-width: 300px) 100vw, 300px\" \/><\/figure>\n<\/div>\n\n\n<p>Dabei schien der vom EU-F\u00f6rderprogramm Erasmus+ unterst\u00fctzte Austausch zun\u00e4chst unter keinem guten Stern zu stehen: Kurz nachdem die Gruppe aus 24 Sch\u00fclerinnen und Sch\u00fclern mit den beiden Lehrkr\u00e4ften Rebekka Walter und Christoph Sch\u00fcly an jenem Montag Ende September am Schiphol-Flughafen in Amsterdam angekommen ist, von dem aus es nach G\u00f6teborg weitergehen soll, wird der Anschlussflug abgesagt. Ersatzflug? Erst am n\u00e4chsten Morgen. Hotelzimmer f\u00fcr die Nacht? Fehlanzeige. Das Kontingent der Fluglinie an Hotelzimmern ist bereits ersch\u00f6pft \u2013 und leider lassen es die Hausregeln der meisten niederl\u00e4ndischen Hotels nicht zu, dass Minderj\u00e4hrige ohne Begleitung Erwachsener in ihren R\u00e4umlichkeiten \u00fcbernachten. Also blieb nur eines: Sich ein gem\u00fctliches Pl\u00e4tzchen am Flughafen zu suchen, um dort die Nacht zu verbringen, bis die Reise nach G\u00f6teborg am n\u00e4chsten Morgen fortgesetzt werden konnte \u2013 mit einem Umweg \u00fcber M\u00fcnchen.<\/p>\n\n\n\n<p>Zwar nicht mit allen Koffern, aber dennoch froh gestimmt traf die Reisegruppe am fr\u00fchen Nachmittag des zweiten Reisetages in Varberg ein, einem Ort an der schwedischen Westk\u00fcste mit knapp 35.000 Einwohnern. Nach dem herzlichen Empfang durch die beiden Lehrerinnen Malin Janko Enander und Caroline von Bahr sowie die schwedischen Austauschpartnerinnen und Austauschpartner durfte sich die Vaihinger Gruppe im Rahmen einer Kennenlernrunde gleich mit einem wichtigen schwedischen Brauch vertraut machen: der fika, einer ausgedehnten Kaffeepause, zu der Geb\u00e4ck gereicht wird, zum Beispiel die in Schweden sehr beliebten Zimtschnecken. W\u00e4hrend die Mehrheit der deutschen Sch\u00fclerinnen und Sch\u00fcler anschlie\u00dfend ihre Gastfamilien kennenlernte, stand f\u00fcr einige von ihnen die Erkundung eines Varberger Wahrzeichens auf dem Programm: Die Festung Varberg (\u201eVarbergs F\u00e4stningens\u201c), die noch vor hundert Jahren als Gef\u00e4ngnis genutzt wurde und in der sich heute unter anderem eine Jugendherberge befindet. Acht Vaihinger Sch\u00fclerinnen sowie die beiden Lehrkr\u00e4fte waren dort in ehemaligen Gef\u00e4ngniszellen untergebracht. Der enge Raum und das Zuschlagen der schweren T\u00fcren hinterlie\u00dfen durchaus einen beklemmenden Eindruck.<\/p>\n\n\n\n<p>Indes: Die vielf\u00e4ltigen Aktivit\u00e4ten, die auf die Gruppe warteten, vertrieben jedes Unbehagen rasch wieder. Los ging es am Mittwoch mit einem \u201eMegagame\u201c, das der \u00dcbersetzer und Spieleentwickler Magnus Persson gemeinsam mit Lehrenden der Universit\u00e4t Link\u00f6ping erarbeitet hatte. Es zielt darauf ab, Nachhaltigkeit, Konsumverhalten und globale Zusammenh\u00e4nge erlebbar zu machen. Zu diesem Zweck nahmen die deutschen und die schwedischen Sch\u00fclerinnen und Sch\u00fcler die Rollen unterschiedlicher gesellschaftlicher Akteure ein, etwa von Konsumenten, Produzenten, Regierungsmitgliedern sowie Journalisten, und traten miteinander in Verhandlungen, um gemeinsam ein Ziel zu erreichen: Schweden bis 2045 klimaneutral zu machen und sicherzustellen, dass alle Bereiche der Gesellschaft bis 2060 nachhaltig agieren. Am Ende des Tages hatten die Teilnehmenden nach mehreren Spielrunden ein Gesp\u00fcr daf\u00fcr entwickelt, wie schwierig es ist, Klimaneutralit\u00e4t und Nachhaltigkeit angesichts unterschiedlicher wirtschaftlicher und gesellschaftlicher Interessen zu erreichen \u2013 und idealerweise auch daf\u00fcr, welche individuellen Entscheidungen diesen Zielen dienlich sind.<\/p>\n\n\n<div class=\"wp-block-image\">\n<figure class=\"alignright size-medium\"><img loading=\"lazy\" decoding=\"async\" width=\"300\" height=\"225\" src=\"https:\/\/www.stromberg-gymnasium.de\/wordpress\/wp-content\/uploads\/2025\/10\/Schwedenaustausch2025_14-300x225.jpg\" alt=\"\" class=\"wp-image-32946\" srcset=\"https:\/\/www.stromberg-gymnasium.de\/wordpress\/wp-content\/uploads\/2025\/10\/Schwedenaustausch2025_14-300x225.jpg 300w, https:\/\/www.stromberg-gymnasium.de\/wordpress\/wp-content\/uploads\/2025\/10\/Schwedenaustausch2025_14-768x576.jpg 768w, https:\/\/www.stromberg-gymnasium.de\/wordpress\/wp-content\/uploads\/2025\/10\/Schwedenaustausch2025_14-360x270.jpg 360w, https:\/\/www.stromberg-gymnasium.de\/wordpress\/wp-content\/uploads\/2025\/10\/Schwedenaustausch2025_14.jpg 1000w\" sizes=\"auto, (max-width: 300px) 100vw, 300px\" \/><\/figure>\n<\/div>\n\n\n<p>Mittwoch und Donnerstag standen ganz im Zeichen des Debattierens. In deutsch-schwedisch gemischten Gruppen hatten die Sch\u00fclerinnen und Sch\u00fcler einen Schultag lang Zeit, sich mittels Internet-Recherchen profundes Wissen zu einem vorgegebenen Thema rund um das Oberthema \u201eNachhaltigkeit\u201c anzueignen und Argumente f\u00fcr oder gegen eine bestimmte These zu entwickeln. Das Schulgeb\u00e4ude bot ausreichend Raum, dass sich die Jugendlichen in Gruppenarbeitsr\u00e4ume zur\u00fcckziehen und dort ihre Debattenbeitr\u00e4ge vorbereiten konnten. Am n\u00e4chsten Vormittag galt es dann, die eigene Argumentation strukturiert, stichhaltig und \u00fcberzeugend \u2013 und selbstverst\u00e4ndlich auf Englisch \u2013 vor der gesamten Gruppe am Rednerpult darzulegen. Inhaltlich ging es darum, ob Englisch k\u00fcnftig die einzige Amtssprache in der EU sein solle, ob sich Fast Fashion mit unserer gesellschaftlichen und \u00f6kologischen Verantwortung vereinbaren lasse und ob Tierversuche, Gentechnologie und Kernenergie verboten werden sollten.<\/p>\n\n\n\n<p>W\u00e4hrend der Mittagspause wurde nicht nur erneut das vielf\u00e4ltige Angebot der schuleigenen Mensa genossen, sondern auch, gef\u00fchrt von mehreren Sch\u00fclergruppen, der weitl\u00e4ufige Campus der Schule erkundet \u2013 inklusive einer gro\u00dfen, gut ausgestatteten Bibliothek und eines schuleigenen Fitnessstudios. Eine optionale Stadtrallye am Nachmittag bot Gelegenheit, Varberg und seine Sehensw\u00fcrdigkeiten noch besser kennenzulernen, bevor der Abend einen weiteren kulinarischen H\u00f6hepunkt in einem beliebten Varberger Restaurant bereithielt: das schwedische Nationalgericht K\u00f6ttbullar, nat\u00fcrlich mit Kartoffelp\u00fcree und Preiselbeeren. Im Rahmen einer von den schwedischen Sch\u00fclerinnen und Sch\u00fclern organisierten Party au\u00dferhalb Varbergs wurden am sp\u00e4teren Abend die noch frischen Freundschaften vertieft.<\/p>\n\n\n\n<p>Am Wochenende ging es weiter an der Westk\u00fcste entlang Richtung Norden \u2013 in eine Stadt, die seit ihrer Gr\u00fcndung durch Gustav II. Adolf im Jahr 1621 immer wieder von ihrer strategisch g\u00fcnstigen Lage profitiert hat und heute nach Stockholm die zweitgr\u00f6\u00dfte Metropole Schwedens ist: G\u00f6teborg. Als erste Station bot sich \u2013 aufgrund des st\u00fcrmischen Regenwetters \u2013 das Universeum an, eine Art schwedische \u201eExperimenta\u201c, in der in einer riesigen Glashalle eine Nachbildung des tropischen Regenwaldes erforscht werden kann. Auf seine Kosten kommt aber auch, wer sich f\u00fcr Raketenwissenschaften, die Unterwasserwelt oder die Funktionen des menschlichen K\u00f6rpers interessiert.<\/p>\n\n\n\n<p>Am Sonntagvormittag zeigte sich das Wetter dann kooperativ und gestattete einen Stadtrundgang, der am Lilla Bommen, dem kleinen Hafen mit dem darin fest vert\u00e4uten Gro\u00dfsegler Barken Viking, seinen Anfang nahm und \u2013 an Sehensw\u00fcrdigkeiten wie dem Opernhaus, dem Stadtmuseum, der Deutschen Kirche, dem Gustav-Adolf-Platz und der \u201eFischkirche\u201c vorbei \u2013 \u00fcber das historische Stadtviertel Haga und die Festung Skansen Kronan zur Kungsportavenyn f\u00fchrte, der Flaniermeile G\u00f6teborgs. Hier bestand die M\u00f6glichkeit, noch letzte Souvenirs zu erwerben, bevor am n\u00e4chsten Morgen die Heimreise angetreten wurde.<\/p>\n\n\n\n<p>Auch wenn der Abschied schwerfiel und schon Pl\u00e4ne f\u00fcr individuelle Treffen existieren: Im M\u00e4rz 2026 steht ja noch der Gegenbesuch der schwedischen Gruppe an. Und Vorfreude ist bekanntlich die sch\u00f6nste Freude.<\/p>\n\n\n\n<p class=\"has-text-align-right\"><em>Bericht: Sy; Fotos: Wa\/Sy<\/em><\/p>\n\n\n\n<figure class=\"wp-block-gallery has-nested-images columns-2 is-cropped wp-block-gallery-1 is-layout-flex wp-block-gallery-is-layout-flex\">\n<figure class=\"wp-block-image size-large\"><img loading=\"lazy\" decoding=\"async\" width=\"1000\" height=\"750\" data-id=\"32941\" src=\"https:\/\/www.stromberg-gymnasium.de\/wordpress\/wp-content\/uploads\/2025\/10\/Schwedenaustausch2025_2.jpg\" alt=\"\" class=\"wp-image-32941\" srcset=\"https:\/\/www.stromberg-gymnasium.de\/wordpress\/wp-content\/uploads\/2025\/10\/Schwedenaustausch2025_2.jpg 1000w, https:\/\/www.stromberg-gymnasium.de\/wordpress\/wp-content\/uploads\/2025\/10\/Schwedenaustausch2025_2-300x225.jpg 300w, https:\/\/www.stromberg-gymnasium.de\/wordpress\/wp-content\/uploads\/2025\/10\/Schwedenaustausch2025_2-768x576.jpg 768w, https:\/\/www.stromberg-gymnasium.de\/wordpress\/wp-content\/uploads\/2025\/10\/Schwedenaustausch2025_2-360x270.jpg 360w\" sizes=\"auto, (max-width: 1000px) 100vw, 1000px\" \/><figcaption class=\"wp-element-caption\">Gar kein so schlechtes Nachtquartier am Flughafen in Amsterdam<\/figcaption><\/figure>\n\n\n\n<figure class=\"wp-block-image size-large\"><img loading=\"lazy\" decoding=\"async\" width=\"1000\" height=\"750\" data-id=\"32953\" src=\"https:\/\/www.stromberg-gymnasium.de\/wordpress\/wp-content\/uploads\/2025\/10\/Schwedenaustausch2025_9.jpg\" alt=\"\" class=\"wp-image-32953\" srcset=\"https:\/\/www.stromberg-gymnasium.de\/wordpress\/wp-content\/uploads\/2025\/10\/Schwedenaustausch2025_9.jpg 1000w, https:\/\/www.stromberg-gymnasium.de\/wordpress\/wp-content\/uploads\/2025\/10\/Schwedenaustausch2025_9-300x225.jpg 300w, https:\/\/www.stromberg-gymnasium.de\/wordpress\/wp-content\/uploads\/2025\/10\/Schwedenaustausch2025_9-768x576.jpg 768w, https:\/\/www.stromberg-gymnasium.de\/wordpress\/wp-content\/uploads\/2025\/10\/Schwedenaustausch2025_9-360x270.jpg 360w\" sizes=\"auto, (max-width: 1000px) 100vw, 1000px\" \/><figcaption class=\"wp-element-caption\">Der Hafen von Varberg<\/figcaption><\/figure>\n\n\n\n<figure class=\"wp-block-image size-large\"><img loading=\"lazy\" decoding=\"async\" width=\"1000\" height=\"750\" data-id=\"32950\" src=\"https:\/\/www.stromberg-gymnasium.de\/wordpress\/wp-content\/uploads\/2025\/10\/Schwedenaustausch2025_10.jpg\" alt=\"\" class=\"wp-image-32950\" srcset=\"https:\/\/www.stromberg-gymnasium.de\/wordpress\/wp-content\/uploads\/2025\/10\/Schwedenaustausch2025_10.jpg 1000w, https:\/\/www.stromberg-gymnasium.de\/wordpress\/wp-content\/uploads\/2025\/10\/Schwedenaustausch2025_10-300x225.jpg 300w, https:\/\/www.stromberg-gymnasium.de\/wordpress\/wp-content\/uploads\/2025\/10\/Schwedenaustausch2025_10-768x576.jpg 768w, https:\/\/www.stromberg-gymnasium.de\/wordpress\/wp-content\/uploads\/2025\/10\/Schwedenaustausch2025_10-360x270.jpg 360w\" sizes=\"auto, (max-width: 1000px) 100vw, 1000px\" \/><figcaption class=\"wp-element-caption\">Varbergs F\u00e4stningen<\/figcaption><\/figure>\n\n\n\n<figure class=\"wp-block-image size-large\"><img loading=\"lazy\" decoding=\"async\" width=\"750\" height=\"1000\" data-id=\"32945\" src=\"https:\/\/www.stromberg-gymnasium.de\/wordpress\/wp-content\/uploads\/2025\/10\/Schwedenaustausch2025_11.jpg\" alt=\"\" class=\"wp-image-32945\" srcset=\"https:\/\/www.stromberg-gymnasium.de\/wordpress\/wp-content\/uploads\/2025\/10\/Schwedenaustausch2025_11.jpg 750w, https:\/\/www.stromberg-gymnasium.de\/wordpress\/wp-content\/uploads\/2025\/10\/Schwedenaustausch2025_11-225x300.jpg 225w, https:\/\/www.stromberg-gymnasium.de\/wordpress\/wp-content\/uploads\/2025\/10\/Schwedenaustausch2025_11-203x270.jpg 203w\" sizes=\"auto, (max-width: 750px) 100vw, 750px\" \/><figcaption class=\"wp-element-caption\">Ehemalige Gef\u00e4ngniszelle von innen<\/figcaption><\/figure>\n\n\n\n<figure class=\"wp-block-image size-large\"><img loading=\"lazy\" decoding=\"async\" width=\"750\" height=\"1000\" data-id=\"32949\" src=\"https:\/\/www.stromberg-gymnasium.de\/wordpress\/wp-content\/uploads\/2025\/10\/Schwedenaustausch2025_12.jpg\" alt=\"\" class=\"wp-image-32949\" srcset=\"https:\/\/www.stromberg-gymnasium.de\/wordpress\/wp-content\/uploads\/2025\/10\/Schwedenaustausch2025_12.jpg 750w, https:\/\/www.stromberg-gymnasium.de\/wordpress\/wp-content\/uploads\/2025\/10\/Schwedenaustausch2025_12-225x300.jpg 225w, https:\/\/www.stromberg-gymnasium.de\/wordpress\/wp-content\/uploads\/2025\/10\/Schwedenaustausch2025_12-203x270.jpg 203w\" sizes=\"auto, (max-width: 750px) 100vw, 750px\" \/><figcaption class=\"wp-element-caption\">Der Gemeinschaftsbereich im einstigen Gef\u00e4ngnis<\/figcaption><\/figure>\n\n\n\n<figure class=\"wp-block-image size-large\"><img loading=\"lazy\" decoding=\"async\" width=\"1000\" height=\"750\" data-id=\"32952\" src=\"https:\/\/www.stromberg-gymnasium.de\/wordpress\/wp-content\/uploads\/2025\/10\/Schwedenaustausch2025_13.jpg\" alt=\"\" class=\"wp-image-32952\" srcset=\"https:\/\/www.stromberg-gymnasium.de\/wordpress\/wp-content\/uploads\/2025\/10\/Schwedenaustausch2025_13.jpg 1000w, https:\/\/www.stromberg-gymnasium.de\/wordpress\/wp-content\/uploads\/2025\/10\/Schwedenaustausch2025_13-300x225.jpg 300w, https:\/\/www.stromberg-gymnasium.de\/wordpress\/wp-content\/uploads\/2025\/10\/Schwedenaustausch2025_13-768x576.jpg 768w, https:\/\/www.stromberg-gymnasium.de\/wordpress\/wp-content\/uploads\/2025\/10\/Schwedenaustausch2025_13-360x270.jpg 360w\" sizes=\"auto, (max-width: 1000px) 100vw, 1000px\" \/><figcaption class=\"wp-element-caption\">Mittendrin im Megagame<\/figcaption><\/figure>\n\n\n\n<figure class=\"wp-block-image size-large\"><img loading=\"lazy\" decoding=\"async\" width=\"1000\" height=\"750\" data-id=\"32946\" src=\"https:\/\/www.stromberg-gymnasium.de\/wordpress\/wp-content\/uploads\/2025\/10\/Schwedenaustausch2025_14.jpg\" alt=\"\" class=\"wp-image-32946\" srcset=\"https:\/\/www.stromberg-gymnasium.de\/wordpress\/wp-content\/uploads\/2025\/10\/Schwedenaustausch2025_14.jpg 1000w, https:\/\/www.stromberg-gymnasium.de\/wordpress\/wp-content\/uploads\/2025\/10\/Schwedenaustausch2025_14-300x225.jpg 300w, https:\/\/www.stromberg-gymnasium.de\/wordpress\/wp-content\/uploads\/2025\/10\/Schwedenaustausch2025_14-768x576.jpg 768w, https:\/\/www.stromberg-gymnasium.de\/wordpress\/wp-content\/uploads\/2025\/10\/Schwedenaustausch2025_14-360x270.jpg 360w\" sizes=\"auto, (max-width: 1000px) 100vw, 1000px\" \/><figcaption class=\"wp-element-caption\">Beim Debattieren konzentriert bei der Sache<\/figcaption><\/figure>\n\n\n\n<figure class=\"wp-block-image size-large\"><img loading=\"lazy\" decoding=\"async\" width=\"750\" height=\"1000\" data-id=\"32951\" src=\"https:\/\/www.stromberg-gymnasium.de\/wordpress\/wp-content\/uploads\/2025\/10\/Schwedenaustausch2025_15.jpg\" alt=\"\" class=\"wp-image-32951\" srcset=\"https:\/\/www.stromberg-gymnasium.de\/wordpress\/wp-content\/uploads\/2025\/10\/Schwedenaustausch2025_15.jpg 750w, https:\/\/www.stromberg-gymnasium.de\/wordpress\/wp-content\/uploads\/2025\/10\/Schwedenaustausch2025_15-225x300.jpg 225w, https:\/\/www.stromberg-gymnasium.de\/wordpress\/wp-content\/uploads\/2025\/10\/Schwedenaustausch2025_15-203x270.jpg 203w\" sizes=\"auto, (max-width: 750px) 100vw, 750px\" \/><figcaption class=\"wp-element-caption\">F\u00fchrung \u00fcber das Gel\u00e4nde der Peder Skrivares skola<\/figcaption><\/figure>\n\n\n\n<figure class=\"wp-block-image size-large\"><img loading=\"lazy\" decoding=\"async\" width=\"1000\" height=\"750\" data-id=\"32947\" src=\"https:\/\/www.stromberg-gymnasium.de\/wordpress\/wp-content\/uploads\/2025\/10\/Schwedenaustausch2025_16.jpg\" alt=\"\" class=\"wp-image-32947\" srcset=\"https:\/\/www.stromberg-gymnasium.de\/wordpress\/wp-content\/uploads\/2025\/10\/Schwedenaustausch2025_16.jpg 1000w, https:\/\/www.stromberg-gymnasium.de\/wordpress\/wp-content\/uploads\/2025\/10\/Schwedenaustausch2025_16-300x225.jpg 300w, https:\/\/www.stromberg-gymnasium.de\/wordpress\/wp-content\/uploads\/2025\/10\/Schwedenaustausch2025_16-768x576.jpg 768w, https:\/\/www.stromberg-gymnasium.de\/wordpress\/wp-content\/uploads\/2025\/10\/Schwedenaustausch2025_16-360x270.jpg 360w\" sizes=\"auto, (max-width: 1000px) 100vw, 1000px\" \/><figcaption class=\"wp-element-caption\">So wohnlich kann ein Lehrerzimmer aussehen<\/figcaption><\/figure>\n\n\n\n<figure class=\"wp-block-image size-large\"><img loading=\"lazy\" decoding=\"async\" width=\"1000\" height=\"750\" data-id=\"32942\" src=\"https:\/\/www.stromberg-gymnasium.de\/wordpress\/wp-content\/uploads\/2025\/10\/Schwedenaustausch2025_3.jpg\" alt=\"\" class=\"wp-image-32942\" srcset=\"https:\/\/www.stromberg-gymnasium.de\/wordpress\/wp-content\/uploads\/2025\/10\/Schwedenaustausch2025_3.jpg 1000w, https:\/\/www.stromberg-gymnasium.de\/wordpress\/wp-content\/uploads\/2025\/10\/Schwedenaustausch2025_3-300x225.jpg 300w, https:\/\/www.stromberg-gymnasium.de\/wordpress\/wp-content\/uploads\/2025\/10\/Schwedenaustausch2025_3-768x576.jpg 768w, https:\/\/www.stromberg-gymnasium.de\/wordpress\/wp-content\/uploads\/2025\/10\/Schwedenaustausch2025_3-360x270.jpg 360w\" sizes=\"auto, (max-width: 1000px) 100vw, 1000px\" \/><figcaption class=\"wp-element-caption\">Ein Gruppenfoto am letzten Tag in der Schule<\/figcaption><\/figure>\n\n\n\n<figure class=\"wp-block-image size-large\"><img loading=\"lazy\" decoding=\"async\" width=\"1000\" height=\"750\" data-id=\"32944\" src=\"https:\/\/www.stromberg-gymnasium.de\/wordpress\/wp-content\/uploads\/2025\/10\/Schwedenaustausch2025_4.jpg\" alt=\"\" class=\"wp-image-32944\" srcset=\"https:\/\/www.stromberg-gymnasium.de\/wordpress\/wp-content\/uploads\/2025\/10\/Schwedenaustausch2025_4.jpg 1000w, https:\/\/www.stromberg-gymnasium.de\/wordpress\/wp-content\/uploads\/2025\/10\/Schwedenaustausch2025_4-300x225.jpg 300w, https:\/\/www.stromberg-gymnasium.de\/wordpress\/wp-content\/uploads\/2025\/10\/Schwedenaustausch2025_4-768x576.jpg 768w, https:\/\/www.stromberg-gymnasium.de\/wordpress\/wp-content\/uploads\/2025\/10\/Schwedenaustausch2025_4-360x270.jpg 360w\" sizes=\"auto, (max-width: 1000px) 100vw, 1000px\" \/><figcaption class=\"wp-element-caption\">Zum Abschied werden K\u00f6ttbullar serviert<\/figcaption><\/figure>\n\n\n\n<figure class=\"wp-block-image size-large\"><img loading=\"lazy\" decoding=\"async\" width=\"1000\" height=\"750\" data-id=\"32943\" src=\"https:\/\/www.stromberg-gymnasium.de\/wordpress\/wp-content\/uploads\/2025\/10\/Schwedenaustausch2025_5.jpg\" alt=\"\" class=\"wp-image-32943\" srcset=\"https:\/\/www.stromberg-gymnasium.de\/wordpress\/wp-content\/uploads\/2025\/10\/Schwedenaustausch2025_5.jpg 1000w, https:\/\/www.stromberg-gymnasium.de\/wordpress\/wp-content\/uploads\/2025\/10\/Schwedenaustausch2025_5-300x225.jpg 300w, https:\/\/www.stromberg-gymnasium.de\/wordpress\/wp-content\/uploads\/2025\/10\/Schwedenaustausch2025_5-768x576.jpg 768w, https:\/\/www.stromberg-gymnasium.de\/wordpress\/wp-content\/uploads\/2025\/10\/Schwedenaustausch2025_5-360x270.jpg 360w\" sizes=\"auto, (max-width: 1000px) 100vw, 1000px\" \/><figcaption class=\"wp-element-caption\">Der tropische Regenwald im G\u00f6teborger \u201eUniverseum\u201c<\/figcaption><\/figure>\n\n\n\n<figure class=\"wp-block-image size-large\"><img loading=\"lazy\" decoding=\"async\" width=\"1000\" height=\"750\" data-id=\"32940\" src=\"https:\/\/www.stromberg-gymnasium.de\/wordpress\/wp-content\/uploads\/2025\/10\/Schwedenaustausch2025_1.jpg\" alt=\"\" class=\"wp-image-32940\" srcset=\"https:\/\/www.stromberg-gymnasium.de\/wordpress\/wp-content\/uploads\/2025\/10\/Schwedenaustausch2025_1.jpg 1000w, https:\/\/www.stromberg-gymnasium.de\/wordpress\/wp-content\/uploads\/2025\/10\/Schwedenaustausch2025_1-300x225.jpg 300w, https:\/\/www.stromberg-gymnasium.de\/wordpress\/wp-content\/uploads\/2025\/10\/Schwedenaustausch2025_1-768x576.jpg 768w, https:\/\/www.stromberg-gymnasium.de\/wordpress\/wp-content\/uploads\/2025\/10\/Schwedenaustausch2025_1-360x270.jpg 360w\" sizes=\"auto, (max-width: 1000px) 100vw, 1000px\" \/><figcaption class=\"wp-element-caption\">Der Gro\u00dfsegler \u201eBarken Viking\u201c im G\u00f6teborger Hafen<\/figcaption><\/figure>\n\n\n\n<figure class=\"wp-block-image size-large\"><img loading=\"lazy\" decoding=\"async\" width=\"1000\" height=\"750\" data-id=\"32939\" src=\"https:\/\/www.stromberg-gymnasium.de\/wordpress\/wp-content\/uploads\/2025\/10\/Schwedenaustausch2025_6.jpg\" alt=\"\" class=\"wp-image-32939\" srcset=\"https:\/\/www.stromberg-gymnasium.de\/wordpress\/wp-content\/uploads\/2025\/10\/Schwedenaustausch2025_6.jpg 1000w, https:\/\/www.stromberg-gymnasium.de\/wordpress\/wp-content\/uploads\/2025\/10\/Schwedenaustausch2025_6-300x225.jpg 300w, https:\/\/www.stromberg-gymnasium.de\/wordpress\/wp-content\/uploads\/2025\/10\/Schwedenaustausch2025_6-768x576.jpg 768w, https:\/\/www.stromberg-gymnasium.de\/wordpress\/wp-content\/uploads\/2025\/10\/Schwedenaustausch2025_6-360x270.jpg 360w\" sizes=\"auto, (max-width: 1000px) 100vw, 1000px\" \/><figcaption class=\"wp-element-caption\">Stadtgr\u00fcnder Gustav II. Adolf<\/figcaption><\/figure>\n\n\n\n<figure class=\"wp-block-image size-large\"><img loading=\"lazy\" decoding=\"async\" width=\"750\" height=\"1000\" data-id=\"32948\" src=\"https:\/\/www.stromberg-gymnasium.de\/wordpress\/wp-content\/uploads\/2025\/10\/Schwedenaustausch2025_7.jpg\" alt=\"\" class=\"wp-image-32948\" srcset=\"https:\/\/www.stromberg-gymnasium.de\/wordpress\/wp-content\/uploads\/2025\/10\/Schwedenaustausch2025_7.jpg 750w, https:\/\/www.stromberg-gymnasium.de\/wordpress\/wp-content\/uploads\/2025\/10\/Schwedenaustausch2025_7-225x300.jpg 225w, https:\/\/www.stromberg-gymnasium.de\/wordpress\/wp-content\/uploads\/2025\/10\/Schwedenaustausch2025_7-203x270.jpg 203w\" sizes=\"auto, (max-width: 750px) 100vw, 750px\" \/><figcaption class=\"wp-element-caption\">Im historischen Stadtviertel Haga<\/figcaption><\/figure>\n\n\n\n<figure class=\"wp-block-image size-large\"><img loading=\"lazy\" decoding=\"async\" width=\"750\" height=\"1000\" data-id=\"32954\" src=\"https:\/\/www.stromberg-gymnasium.de\/wordpress\/wp-content\/uploads\/2025\/10\/Schwedenaustausch2025_8.jpg\" alt=\"\" class=\"wp-image-32954\" srcset=\"https:\/\/www.stromberg-gymnasium.de\/wordpress\/wp-content\/uploads\/2025\/10\/Schwedenaustausch2025_8.jpg 750w, https:\/\/www.stromberg-gymnasium.de\/wordpress\/wp-content\/uploads\/2025\/10\/Schwedenaustausch2025_8-225x300.jpg 225w, https:\/\/www.stromberg-gymnasium.de\/wordpress\/wp-content\/uploads\/2025\/10\/Schwedenaustausch2025_8-203x270.jpg 203w\" sizes=\"auto, (max-width: 750px) 100vw, 750px\" \/><figcaption class=\"wp-element-caption\">Gemeinsames Pizzaessen am letzten Abend<\/figcaption><\/figure>\n<\/figure>\n","protected":false},"excerpt":{"rendered":"<p>Sch\u00fclerinnen und Sch\u00fcler der Oberstufe des Stromberg-Gymnasiums besuchen erstmalig die Peder Skrivares skola in Varberg<\/p>\n","protected":false},"author":1,"featured_media":32955,"comment_status":"closed","ping_status":"closed","sticky":false,"template":"","format":"standard","meta":{"footnotes":""},"categories":[1],"tags":[99,5],"class_list":["post-32938","post","type-post","status-publish","format-standard","has-post-thumbnail","hentry","category-allgemein","tag-erasmus","tag-ueber-uns"],"_links":{"self":[{"href":"https:\/\/www.stromberg-gymnasium.de\/index.php?rest_route=\/wp\/v2\/posts\/32938","targetHints":{"allow":["GET"]}}],"collection":[{"href":"https:\/\/www.stromberg-gymnasium.de\/index.php?rest_route=\/wp\/v2\/posts"}],"about":[{"href":"https:\/\/www.stromberg-gymnasium.de\/index.php?rest_route=\/wp\/v2\/types\/post"}],"author":[{"embeddable":true,"href":"https:\/\/www.stromberg-gymnasium.de\/index.php?rest_route=\/wp\/v2\/users\/1"}],"replies":[{"embeddable":true,"href":"https:\/\/www.stromberg-gymnasium.de\/index.php?rest_route=%2Fwp%2Fv2%2Fcomments&post=32938"}],"version-history":[{"count":1,"href":"https:\/\/www.stromberg-gymnasium.de\/index.php?rest_route=\/wp\/v2\/posts\/32938\/revisions"}],"predecessor-version":[{"id":32956,"href":"https:\/\/www.stromberg-gymnasium.de\/index.php?rest_route=\/wp\/v2\/posts\/32938\/revisions\/32956"}],"wp:featuredmedia":[{"embeddable":true,"href":"https:\/\/www.stromberg-gymnasium.de\/index.php?rest_route=\/wp\/v2\/media\/32955"}],"wp:attachment":[{"href":"https:\/\/www.stromberg-gymnasium.de\/index.php?rest_route=%2Fwp%2Fv2%2Fmedia&parent=32938"}],"wp:term":[{"taxonomy":"category","embeddable":true,"href":"https:\/\/www.stromberg-gymnasium.de\/index.php?rest_route=%2Fwp%2Fv2%2Fcategories&post=32938"},{"taxonomy":"post_tag","embeddable":true,"href":"https:\/\/www.stromberg-gymnasium.de\/index.php?rest_route=%2Fwp%2Fv2%2Ftags&post=32938"}],"curies":[{"name":"wp","href":"https:\/\/api.w.org\/{rel}","templated":true}]}}