{"id":33004,"date":"2025-11-07T10:57:42","date_gmt":"2025-11-07T09:57:42","guid":{"rendered":"https:\/\/www.stromberg-gymnasium.de\/?p=33004"},"modified":"2025-11-07T10:57:42","modified_gmt":"2025-11-07T09:57:42","slug":"teilnahmerekord-beim-ensingerlauf-2025","status":"publish","type":"post","link":"https:\/\/www.stromberg-gymnasium.de\/?p=33004","title":{"rendered":"Teilnahmerekord beim Ensingerlauf 2025"},"content":{"rendered":"\n<p>Der diesj\u00e4hrige Ensinger Laufcup konnte eigentlich schon vor dem Start am Samstag, den 18.10. als Erfolg f\u00fcr das Stromberg Gymnasium angesehen werden. Denn die Anmeldungen sprudelten in den letzten Wochen nur so rein, sodass das Stromberg-Gymnasium letztendlich mit einer unglaublichen Anzahl von 100 (!) Sch\u00fclerinnen und Sch\u00fclern angemeldet war, von denen 93 an die Startlinie gingen! Ein neuer Teilnahmerekord, der dem ganzen Event noch einen extra Schub an Energie und Motivation verlieh.<\/p>\n\n\n\n<p>Die Sch\u00fclerinnen und Sch\u00fcler holten sich vor dem Start ihre Startnummern sowie ihr T-Shirt mit dem Logo des Stromberg-Gymnasiums ab. Die Trommler, die sich gegen\u00fcber unserem Schulstand am alten Friedhof platziert hatten, sorgten mit ihren dynamischen Rhythmen ebenfalls f\u00fcr gute Stimmung \u2013 vor, w\u00e4hrend und nach dem Lauf.<\/p>\n\n\n\n<p>Die gr\u00f6\u00dfte Gruppe, in der insbesondere unsere j\u00fcngsten Teilnehmenden aus der Unterstufe stark vertreten waren, ging als erstes an den Start. Die Strecke von 1,5 km meisterten die Sch\u00fclerinnen und Sch\u00fcler zielstrebig und wurden tatkr\u00e4ftig von Eltern, Lehrkr\u00e4ften, Mitsch\u00fclerinnen und Mitsch\u00fclern sowie den anderen Zuschauenden unterst\u00fctzt. Durch die gut erkennbaren wei\u00df-gr\u00fcnen T-Shirts k\u00f6nnen unsere L\u00e4uferinnen und L\u00e4ufer schnell zwischen all den anderen Teilnehmenden erkannt und besonders beim Zieleinlauf nochmal extra angefeuert werden.<\/p>\n\n\n\n<p>Auch der 5-km-Lauf lief reibungslos ab. Die Strecke verl\u00e4uft \u00fcbers Feld und die Waldwege entlang, etwas bergauf und bergab. Auch hier war das Stromberg-Gymnasium mit insgesamt 30 leistungsstarken und motivierten Sch\u00fclerinnen und Sch\u00fclern aus allen Klassenstufen vertreten: Sowohl einige F\u00fcnft- und Sechstkl\u00e4ssler als auch L\u00e4uferinnen und L\u00e4ufer der Mittelstufe sowie die Oberstufensch\u00fcler haben bei diesem Lauf ihr Durchhalteverm\u00f6gen und sportliche Leistung unter Beweis gestellt.<\/p>\n\n\n\n<p>Zuletzt gingen zwei Sch\u00fclerinnen aus der Jahrgangsstufe J1 und J2 sowie zwei Sch\u00fcler der Klassenstufe 9 und der J2 an die Startlinie des 10-km-Laufs. Sie mussten die 5-km-Runde gleich zwei Mal laufen und sich somit die Energie noch besser einteilen. Wenn man dabei laute Zurufe und Applaus entlang der Strecke erh\u00e4lt, macht das Laufen noch viel mehr Spa\u00df!<\/p>\n\n\n\n<p>Nicht nur die einheitlichen Shirts, sondern auch das gemeinsame Warm-Up vor dem Lauf sowie die gegenseitige Unterst\u00fctzung und Motivation sorgten bei diesem Sportevent f\u00fcr ein tolles Gemeinschaftsgef\u00fchl. Auch das sch\u00f6ne Herbstwetter trug zu einer guten Stimmung bei.<\/p>\n\n\n\n<p>Nach dem Lauf wurden alle Sch\u00fclerinnen und Sch\u00fcler mit einer Teilnahme-Medaille belohnt, konnten sich auf dem gut besuchten Kelterplatz erholen und sich dank zahlreicher Essens- und Getr\u00e4nkeangebote st\u00e4rken. Die Urkunden werden in der Schule \u00fcberreicht.<\/p>\n\n\n\n<p>Besondere Freude und Applaus gab es bei der Siegerehrung f\u00fcr die L\u00e4uferinnen und L\u00e4ufer des Stromberg- Gymnasiums, die mit einer Laufurkunde, einem Pokal sowie sportlichen Snacks und Getr\u00e4nken belohnt wurden.<\/p>\n\n\n\n<p>Herzlichen Gl\u00fcckwunsch an alle L\u00e4uferinnen und L\u00e4ufer f\u00fcr eure tolle Leistung!<\/p>\n\n\n\n<p>Wir bedanken uns bei allen Teilnehmenden sowie unterst\u00fctzenden Begleitpersonen, die beim diesj\u00e4hrigen Ensingerlauf dabei waren und ihre Freude am Laufen und gemeinsamen Sporteln geteilt haben.<\/p>\n\n\n\n<p>Der n\u00e4chste Sch\u00fclerlauf wird am 22. November 2025 in Nussdorf stattfinden. Anmeldungen nehmen wir \u00fcber die Emailadresse <em>lauforgateam@stromberg-gymnasium.de<\/em> entgegen. Wir freuen uns schon jetzt auf ein weiteres sportliches Event und hoffen auf eine genauso hohe Teilnehmerzahl wie in Ensingen J.<\/p>\n\n\n\n<p>Das Lauforgateam des Stromberg-Gymnasiums<\/p>\n\n\n\n<p><em>Nelli Janzen, Linda R\u00fchle, Bettina van Vliet und Andrea Caviedes de Jordan<\/em><\/p>\n\n\n\n<figure class=\"wp-block-gallery has-nested-images columns-2 is-cropped wp-block-gallery-1 is-layout-flex wp-block-gallery-is-layout-flex\">\n<figure class=\"wp-block-image size-large\"><img loading=\"lazy\" decoding=\"async\" width=\"750\" height=\"1000\" data-id=\"33005\" src=\"https:\/\/www.stromberg-gymnasium.de\/wordpress\/wp-content\/uploads\/2025\/11\/EnsingerLauf2025_2.jpg\" alt=\"\" class=\"wp-image-33005\" srcset=\"https:\/\/www.stromberg-gymnasium.de\/wordpress\/wp-content\/uploads\/2025\/11\/EnsingerLauf2025_2.jpg 750w, https:\/\/www.stromberg-gymnasium.de\/wordpress\/wp-content\/uploads\/2025\/11\/EnsingerLauf2025_2-225x300.jpg 225w, https:\/\/www.stromberg-gymnasium.de\/wordpress\/wp-content\/uploads\/2025\/11\/EnsingerLauf2025_2-203x270.jpg 203w\" sizes=\"auto, (max-width: 750px) 100vw, 750px\" \/><\/figure>\n\n\n\n<figure class=\"wp-block-image size-large\"><img loading=\"lazy\" decoding=\"async\" width=\"1000\" height=\"750\" data-id=\"33007\" src=\"https:\/\/www.stromberg-gymnasium.de\/wordpress\/wp-content\/uploads\/2025\/11\/EnsingerLauf2025_3.jpg\" alt=\"\" class=\"wp-image-33007\" srcset=\"https:\/\/www.stromberg-gymnasium.de\/wordpress\/wp-content\/uploads\/2025\/11\/EnsingerLauf2025_3.jpg 1000w, https:\/\/www.stromberg-gymnasium.de\/wordpress\/wp-content\/uploads\/2025\/11\/EnsingerLauf2025_3-300x225.jpg 300w, https:\/\/www.stromberg-gymnasium.de\/wordpress\/wp-content\/uploads\/2025\/11\/EnsingerLauf2025_3-768x576.jpg 768w, https:\/\/www.stromberg-gymnasium.de\/wordpress\/wp-content\/uploads\/2025\/11\/EnsingerLauf2025_3-360x270.jpg 360w\" sizes=\"auto, (max-width: 1000px) 100vw, 1000px\" \/><\/figure>\n\n\n\n<figure class=\"wp-block-image size-large\"><img loading=\"lazy\" decoding=\"async\" width=\"1000\" height=\"750\" data-id=\"33006\" src=\"https:\/\/www.stromberg-gymnasium.de\/wordpress\/wp-content\/uploads\/2025\/11\/EnsingerLauf2025_1.jpg\" alt=\"\" class=\"wp-image-33006\" srcset=\"https:\/\/www.stromberg-gymnasium.de\/wordpress\/wp-content\/uploads\/2025\/11\/EnsingerLauf2025_1.jpg 1000w, https:\/\/www.stromberg-gymnasium.de\/wordpress\/wp-content\/uploads\/2025\/11\/EnsingerLauf2025_1-300x225.jpg 300w, https:\/\/www.stromberg-gymnasium.de\/wordpress\/wp-content\/uploads\/2025\/11\/EnsingerLauf2025_1-768x576.jpg 768w, https:\/\/www.stromberg-gymnasium.de\/wordpress\/wp-content\/uploads\/2025\/11\/EnsingerLauf2025_1-360x270.jpg 360w\" sizes=\"auto, (max-width: 1000px) 100vw, 1000px\" \/><\/figure>\n<\/figure>\n\n\n\n<p><strong>Ergebnisliste: F\u00fcr jede Altersklasse sind die ersten vier L\u00e4uferinnen und L\u00e4ufer des Stromberg-Gymnasiums aufgelistet:<\/strong><strong> <\/strong>(Die gesamte Ergebnisliste steht auf der Seite des Ensinger Laufcups zur Verf\u00fcgung)<\/p>\n\n\n\n<p><strong><u>1,5 km Lauf weiblich<\/u><\/strong><\/p>\n\n\n\n<p><strong>U 12<\/strong><br>AK 6 07:04 Laura R\u00fchl<br>AK 8 07:05 Emma Gutjahr<br>AK 9 07:07 Lara Schojohann<br>AK 11 07:12 Fleur van vliet<\/p>\n\n\n\n<p><strong>U14<\/strong><br>AK 2 06:31 Ida Pr\u00fc\u00df<br>AK 3 07:10 Anna B\u00f6pple<br>AK 4 07:13 Amelie Mischke<br>AK 13 07:40 Felia Jordan<\/p>\n\n\n\n<p><strong><u>1,5 km Lauf m\u00e4nnlich<\/u><\/strong><\/p>\n\n\n\n<p><strong>U 12<\/strong><br>AK 6 06:21 Matthias G\u00fcnther<br>AK 8 06:33 Robin Schwerdtle<br>AK 9 06:37 Elias Christian<br>AK 15 06:48 Roland Graner<\/p>\n\n\n\n<p><strong>U14<\/strong><br>AK 2 06:11 Fabian Mischke<br>AK 3 06:37 Lias Hansel<br>AK 10 07:40 Eray Ayyildiz<\/p>\n\n\n\n<p><strong>U16<\/strong><br>AK 2 08:36 Timon R\u00f6sler<\/p>\n\n\n\n<p><strong><u>5 km Lauf weiblich<\/u><\/strong><\/p>\n\n\n\n<p><strong>U14<\/strong><br>AK 4 27:40:00 Fabienne van Vliet<br>AK 5 28:14:00 Helena Ceron Nicolat<br>AK 8 29:30:00 Silja Kammerer<br>AK 13 33:06:00 Carine Chimi<br>AK 14 33:06:00 Juliane Zucko<\/p>\n\n\n\n<p><strong>U16<\/strong><br>AK 6 27:29:00 Annika Feuerstack<br>AK 7 27:48:00 Leana Schopp<br>AK 16 31:15:00 Bernadette Sautter<br>AK 17 31:21:00 Hanna Collmer<\/p>\n\n\n\n<p><strong>U18<\/strong><br>AK 8 29:55:00 Victoria Jordan<br>AK 12 31:01:00 Klara Sch\u00fcle<br>AK 13 31:03:00 Franziska Maier<br>AKA 33 36:30:00 Lene Vorreiter<\/p>\n\n\n\n<p><strong><u>5 km Lauf m\u00e4nnlich<\/u><\/strong><\/p>\n\n\n\n<p><strong>U12<\/strong><br>AK 7 26:50:00 Adrian Kiraly<br>AK 14 28:59:00 Valentin Renner<br>AK 15 29:46:00 Philipp Kerscher<br>AK 16 30:15:00 Konrad Sautter<\/p>\n\n\n\n<p><strong>U14<\/strong><br>AK12 25:58:00 Philipp Feuerstack<br>AK 13 26:05:00 Fabian Collmer<br>AK 17 26:26:00 Samuel Hequet<br>AK 18 26:42:00 Diego Jordan<\/p>\n\n\n\n<p><strong>U16<\/strong><br>AK 7 23:09 Felix Weiberle<br>AK 11 24:38:00 Daniel Suhling<br>AK 16 26:33:00 Ben Grambow<br>AK 26:33:00 Luka Dunsch<\/p>\n\n\n\n<p><strong>U18<\/strong><br>AK 2 20:29 Jonas Verstege<br>AK 6 22:27 Micha Maier<br>AK 8 23:31 Mathis Hequet<\/p>\n\n\n\n<p><strong><u>10 km Lauf weiblich<\/u><\/strong><\/p>\n\n\n\n<p><strong>U18<\/strong><br>AK 4 56:13:00 Helen Bruder<br>AK 6 01:00 Ann-Sophie Fabritius<\/p>\n\n\n\n<p><strong><u>10 km Lauf m\u00e4nnlich<\/u><\/strong><\/p>\n\n\n\n<p><strong>U16<\/strong><br>AK 4 44:13:00 Roman Fabritius<br>AK 5 54:15:00 Jonathan R\u00f6sler<\/p>\n","protected":false},"excerpt":{"rendered":"<p>Insgesamt 93 L\u00e4uferinnen und L\u00e4ufer des Stromberg-Gymnasiums am Start! <\/p>\n","protected":false},"author":1,"featured_media":33008,"comment_status":"closed","ping_status":"closed","sticky":false,"template":"","format":"standard","meta":{"footnotes":""},"categories":[4],"tags":[9],"class_list":["post-33004","post","type-post","status-publish","format-standard","has-post-thumbnail","hentry","category-veranstaltungen","tag-sport"],"_links":{"self":[{"href":"https:\/\/www.stromberg-gymnasium.de\/index.php?rest_route=\/wp\/v2\/posts\/33004","targetHints":{"allow":["GET"]}}],"collection":[{"href":"https:\/\/www.stromberg-gymnasium.de\/index.php?rest_route=\/wp\/v2\/posts"}],"about":[{"href":"https:\/\/www.stromberg-gymnasium.de\/index.php?rest_route=\/wp\/v2\/types\/post"}],"author":[{"embeddable":true,"href":"https:\/\/www.stromberg-gymnasium.de\/index.php?rest_route=\/wp\/v2\/users\/1"}],"replies":[{"embeddable":true,"href":"https:\/\/www.stromberg-gymnasium.de\/index.php?rest_route=%2Fwp%2Fv2%2Fcomments&post=33004"}],"version-history":[{"count":1,"href":"https:\/\/www.stromberg-gymnasium.de\/index.php?rest_route=\/wp\/v2\/posts\/33004\/revisions"}],"predecessor-version":[{"id":33009,"href":"https:\/\/www.stromberg-gymnasium.de\/index.php?rest_route=\/wp\/v2\/posts\/33004\/revisions\/33009"}],"wp:featuredmedia":[{"embeddable":true,"href":"https:\/\/www.stromberg-gymnasium.de\/index.php?rest_route=\/wp\/v2\/media\/33008"}],"wp:attachment":[{"href":"https:\/\/www.stromberg-gymnasium.de\/index.php?rest_route=%2Fwp%2Fv2%2Fmedia&parent=33004"}],"wp:term":[{"taxonomy":"category","embeddable":true,"href":"https:\/\/www.stromberg-gymnasium.de\/index.php?rest_route=%2Fwp%2Fv2%2Fcategories&post=33004"},{"taxonomy":"post_tag","embeddable":true,"href":"https:\/\/www.stromberg-gymnasium.de\/index.php?rest_route=%2Fwp%2Fv2%2Ftags&post=33004"}],"curies":[{"name":"wp","href":"https:\/\/api.w.org\/{rel}","templated":true}]}}