{"id":33103,"date":"2025-12-10T20:40:17","date_gmt":"2025-12-10T19:40:17","guid":{"rendered":"https:\/\/www.stromberg-gymnasium.de\/?p=33103"},"modified":"2025-12-10T20:40:17","modified_gmt":"2025-12-10T19:40:17","slug":"jovin-en-france","status":"publish","type":"post","link":"https:\/\/www.stromberg-gymnasium.de\/?p=33103","title":{"rendered":"Jovin\u00a0en France"},"content":{"rendered":"\n<p><em>Ein Sch\u00fcler der Jahrgangsstufe 2 verbringt im Rahmen eines von Erasmus+ gef\u00f6rderten Individualaustauschs zwei Wochen in Frankreich<\/em><\/p>\n\n\n\n<p>Bereits im Fr\u00fchsommer war&nbsp;Jovins&nbsp;franz\u00f6sische Austauschpartnerin&nbsp;Adji&nbsp;Mbaye&nbsp;zwei Wochen am Stromberg-Gymnasium zu Gast gewesen \u2013 wir haben berichtet:&nbsp;<a href=\"https:\/\/www.stromberg-gymnasium.de\/?p=32674\">https:\/\/www.stromberg-gymnasium.de\/?p=32674<\/a>.<\/p>\n\n\n\n<p>Im Herbst war es Zeit f\u00fcr den Gegenbesuch ihres Austauschpartners&nbsp;Jovin&nbsp;Besserer (J2) am&nbsp;Lyc\u00e9e&nbsp;Pierre&nbsp;Mend\u00e8s&nbsp;in La Roche-sur-Yon. Mit welchen Eindr\u00fccken er von der zweiw\u00f6chigen Frankreichreise zur\u00fcckgekehrt ist und wie er davon profitiert hat, verr\u00e4t er&nbsp;<a><\/a>im folgenden&nbsp;Vlog. Viel Spa\u00df beim Anschauen!<\/p>\n\n\n\n<figure class=\"wp-block-video\"><video height=\"640\" style=\"aspect-ratio: 360 \/ 640;\" width=\"360\" controls src=\"https:\/\/www.stromberg-gymnasium.de\/wordpress\/wp-content\/uploads\/2025\/12\/Video-Jovin-Fr-2025-1.mov\"><\/video><\/figure>\n\n\n\n<figure class=\"wp-block-image size-full\"><img loading=\"lazy\" decoding=\"async\" width=\"2560\" height=\"517\" src=\"https:\/\/www.stromberg-gymnasium.de\/wordpress\/wp-content\/uploads\/2025\/12\/Bildschirmfoto-2025-12-10-um-20.39.12-scaled.png\" alt=\"\" class=\"wp-image-33112\" srcset=\"https:\/\/www.stromberg-gymnasium.de\/wordpress\/wp-content\/uploads\/2025\/12\/Bildschirmfoto-2025-12-10-um-20.39.12-scaled.png 2560w, https:\/\/www.stromberg-gymnasium.de\/wordpress\/wp-content\/uploads\/2025\/12\/Bildschirmfoto-2025-12-10-um-20.39.12-300x61.png 300w, https:\/\/www.stromberg-gymnasium.de\/wordpress\/wp-content\/uploads\/2025\/12\/Bildschirmfoto-2025-12-10-um-20.39.12-768x155.png 768w, https:\/\/www.stromberg-gymnasium.de\/wordpress\/wp-content\/uploads\/2025\/12\/Bildschirmfoto-2025-12-10-um-20.39.12-1536x310.png 1536w, https:\/\/www.stromberg-gymnasium.de\/wordpress\/wp-content\/uploads\/2025\/12\/Bildschirmfoto-2025-12-10-um-20.39.12-2048x413.png 2048w, https:\/\/www.stromberg-gymnasium.de\/wordpress\/wp-content\/uploads\/2025\/12\/Bildschirmfoto-2025-12-10-um-20.39.12-360x73.png 360w\" sizes=\"auto, (max-width: 2560px) 100vw, 2560px\" \/><\/figure>\n\n\n\n<p><\/p>\n","protected":false},"excerpt":{"rendered":"<p>Ein Sch\u00fcler der Jahrgangsstufe 2 verbringt im Rahmen eines von Erasmus+ gef\u00f6rderten Individualaustauschs zwei Wochen in Frankreich<\/p>\n","protected":false},"author":7,"featured_media":32677,"comment_status":"closed","ping_status":"closed","sticky":false,"template":"","format":"standard","meta":{"footnotes":""},"categories":[1],"tags":[13,99,29],"class_list":["post-33103","post","type-post","status-publish","format-standard","has-post-thumbnail","hentry","category-allgemein","tag-austausch","tag-erasmus","tag-franzoesisch"],"_links":{"self":[{"href":"https:\/\/www.stromberg-gymnasium.de\/index.php?rest_route=\/wp\/v2\/posts\/33103","targetHints":{"allow":["GET"]}}],"collection":[{"href":"https:\/\/www.stromberg-gymnasium.de\/index.php?rest_route=\/wp\/v2\/posts"}],"about":[{"href":"https:\/\/www.stromberg-gymnasium.de\/index.php?rest_route=\/wp\/v2\/types\/post"}],"author":[{"embeddable":true,"href":"https:\/\/www.stromberg-gymnasium.de\/index.php?rest_route=\/wp\/v2\/users\/7"}],"replies":[{"embeddable":true,"href":"https:\/\/www.stromberg-gymnasium.de\/index.php?rest_route=%2Fwp%2Fv2%2Fcomments&post=33103"}],"version-history":[{"count":7,"href":"https:\/\/www.stromberg-gymnasium.de\/index.php?rest_route=\/wp\/v2\/posts\/33103\/revisions"}],"predecessor-version":[{"id":33113,"href":"https:\/\/www.stromberg-gymnasium.de\/index.php?rest_route=\/wp\/v2\/posts\/33103\/revisions\/33113"}],"wp:featuredmedia":[{"embeddable":true,"href":"https:\/\/www.stromberg-gymnasium.de\/index.php?rest_route=\/wp\/v2\/media\/32677"}],"wp:attachment":[{"href":"https:\/\/www.stromberg-gymnasium.de\/index.php?rest_route=%2Fwp%2Fv2%2Fmedia&parent=33103"}],"wp:term":[{"taxonomy":"category","embeddable":true,"href":"https:\/\/www.stromberg-gymnasium.de\/index.php?rest_route=%2Fwp%2Fv2%2Fcategories&post=33103"},{"taxonomy":"post_tag","embeddable":true,"href":"https:\/\/www.stromberg-gymnasium.de\/index.php?rest_route=%2Fwp%2Fv2%2Ftags&post=33103"}],"curies":[{"name":"wp","href":"https:\/\/api.w.org\/{rel}","templated":true}]}}