{"id":33193,"date":"2026-01-27T17:02:49","date_gmt":"2026-01-27T16:02:49","guid":{"rendered":"https:\/\/www.stromberg-gymnasium.de\/?p=33193"},"modified":"2026-01-27T17:03:04","modified_gmt":"2026-01-27T16:03:04","slug":"franzoesische-sprachenzertifikate-delf-an-vaihinger-prueflinge-verliehen","status":"publish","type":"post","link":"https:\/\/www.stromberg-gymnasium.de\/?p=33193","title":{"rendered":"Franz\u00f6sische Sprachenzertifikate DELF an Vaihinger Pr\u00fcflinge verliehen"},"content":{"rendered":"\n<p>Es ist mittlerweile schon zu einer Tradition in der Franz\u00f6sischfachschaft im Vaihinger Nebenweg geworden: Immer um den Jahreswechsel herum werden Sch\u00fclerinnen und Sch\u00fclern der Jahrgangsstufe 1 feierlich ihre DELF B1-Diplome \u00fcberreicht. Die Pr\u00fcfungen dazu haben sie bereits gegen Ende der zehnten Klasse als Teil ihres Franz\u00f6sischunterrichts abgelegt.<\/p>\n\n\n\n<p>Im vergangenen Schuljahr z\u00e4hlten zu den ungef\u00e4hr 4000 Sch\u00fclerinnen und Sch\u00fclern, die in Baden-W\u00fcrttemberg ein DELF-Diplom im Rahmen des DELF<em> int\u00e9gr\u00e9<\/em> erhalten haben, 15 Pr\u00fcflinge aus dem Vaihinger Stromberg-Gymnasium. Das Partnerschaftsprojekt ist hier so fest etabliert, dass die Schule im Fr\u00fchjahr 2024 als eine der ersten landesweit f\u00fcr ihr zuverl\u00e4ssiges und erfolgreiches DELF-Engagement von Generalkonsul Ga\u00ebl de Maisonneuve als \u201eDELF-Partnerschaftsschule\u201c ausgezeichnet wurde.<\/p>\n\n\n\n<p>Von der hohen Qualit\u00e4t der Teilnehmenden aus den letzten Zehnerklassen zeugen, wie Abteilungsleiterin Carmen F\u00f6rnzler als schulische DELF-Ansprechpartnerin berichtet, auch deren Ergebnisse mit etlichen sehr guten Leistungen, darunter sogar einmal stolze 96 von 100 Punkten \u2013 chapeau!<\/p>\n\n\n\n<p>Im Beisein ihrer letztj\u00e4hrigen Franz\u00f6sischlehrkr\u00e4fte Anja Fink, Carmen F\u00f6rnzler und Michael Hofer erhielten die Absolventinnen und Absolventinnen strahlend ihre frisch gedruckten Urkunden. Diese bescheinigen ihnen beispielsweise bei k\u00fcnftigen Bewerbungen ein entsprechend hohes Sprachniveau, ein besonderes Engagement im Fach Franz\u00f6sisch sowie dar\u00fcber hinaus Interesse und Offenheit f\u00fcr andere Sprachen und Kulturen. Und unter den sprachbegeisterten Gymnasiastinnen und Gymnasiasten zeigten sich auch im R\u00fcckblick alle sehr zufrieden mit ihrer Entscheidung, sich zu dieser zus\u00e4tzlichen Pr\u00fcfung im zweiten Schulhalbjahr der Klassenstufe 10 angemeldet zu haben.<\/p>\n\n\n\n<p>Das Diplom biete n\u00e4mlich einen deutlichen Mehrwert, wof\u00fcr sich der Vorbereitungsaufwand und die pr\u00fcfungsbedingte Aufregung auf jeden Fall lohnten. Das berichteten einhellig sowohl diejenigen, die ihre durch die DELF-Pr\u00fcfung gefestigten Sprachkenntnisse nun im Franz\u00f6sischunterricht der Kursstufe noch zus\u00e4tzlich erweitern, als auch diejenigen, die das Fach Franz\u00f6sisch mit der DELF-Pr\u00fcfung nach Klassenstufe 10 abgew\u00e4hlt haben. Egal ob im n\u00e4chsten Urlaub, bei einem Erasmus+- oder Erasmus-Aufenthalt oder sp\u00e4ter im beruflichen Alltag \u2013 die Sprache des Nachbarlandes zu sprechen und Einblick in andere Kulturen zu haben, das zahle sich immer aus und mache zudem Lust auf weitere interkulturelle Begegnungen, so die Jugendlichen. Na dann &#8211; on y va!<\/p>\n\n\n\n<p class=\"has-text-align-right\"><em>&nbsp;Bericht und Foto: F\u00f6<\/em><\/p>\n\n\n<div class=\"wp-block-image\">\n<figure class=\"aligncenter size-full\"><img loading=\"lazy\" decoding=\"async\" width=\"1000\" height=\"462\" src=\"https:\/\/www.stromberg-gymnasium.de\/wordpress\/wp-content\/uploads\/2026\/01\/DELF2026_1.jpg\" alt=\"\" class=\"wp-image-33194\" srcset=\"https:\/\/www.stromberg-gymnasium.de\/wordpress\/wp-content\/uploads\/2026\/01\/DELF2026_1.jpg 1000w, https:\/\/www.stromberg-gymnasium.de\/wordpress\/wp-content\/uploads\/2026\/01\/DELF2026_1-300x139.jpg 300w, https:\/\/www.stromberg-gymnasium.de\/wordpress\/wp-content\/uploads\/2026\/01\/DELF2026_1-768x355.jpg 768w, https:\/\/www.stromberg-gymnasium.de\/wordpress\/wp-content\/uploads\/2026\/01\/DELF2026_1-360x166.jpg 360w\" sizes=\"auto, (max-width: 1000px) 100vw, 1000px\" \/><figcaption class=\"wp-element-caption\">13 der 15 diesj\u00e4hrigen DELF-Absolventinnen und Absolventen mit ihren frisch \u00fcberreichten Zertifikaten freuen sich \u00fcber ihre Auszeichnung.<\/figcaption><\/figure>\n<\/div>\n\n\n<p><\/p>\n","protected":false},"excerpt":{"rendered":"<p>Ein weiterer, sehr erfolgreicher Jahrgang erh\u00e4lt lebenslang g\u00fcltiges Franz\u00f6sischdiplom<\/p>\n","protected":false},"author":1,"featured_media":33196,"comment_status":"closed","ping_status":"closed","sticky":false,"template":"","format":"standard","meta":{"footnotes":""},"categories":[6],"tags":[29,23],"class_list":["post-33193","post","type-post","status-publish","format-standard","has-post-thumbnail","hentry","category-unterricht","tag-franzoesisch","tag-wettbewerb"],"_links":{"self":[{"href":"https:\/\/www.stromberg-gymnasium.de\/index.php?rest_route=\/wp\/v2\/posts\/33193","targetHints":{"allow":["GET"]}}],"collection":[{"href":"https:\/\/www.stromberg-gymnasium.de\/index.php?rest_route=\/wp\/v2\/posts"}],"about":[{"href":"https:\/\/www.stromberg-gymnasium.de\/index.php?rest_route=\/wp\/v2\/types\/post"}],"author":[{"embeddable":true,"href":"https:\/\/www.stromberg-gymnasium.de\/index.php?rest_route=\/wp\/v2\/users\/1"}],"replies":[{"embeddable":true,"href":"https:\/\/www.stromberg-gymnasium.de\/index.php?rest_route=%2Fwp%2Fv2%2Fcomments&post=33193"}],"version-history":[{"count":2,"href":"https:\/\/www.stromberg-gymnasium.de\/index.php?rest_route=\/wp\/v2\/posts\/33193\/revisions"}],"predecessor-version":[{"id":33197,"href":"https:\/\/www.stromberg-gymnasium.de\/index.php?rest_route=\/wp\/v2\/posts\/33193\/revisions\/33197"}],"wp:featuredmedia":[{"embeddable":true,"href":"https:\/\/www.stromberg-gymnasium.de\/index.php?rest_route=\/wp\/v2\/media\/33196"}],"wp:attachment":[{"href":"https:\/\/www.stromberg-gymnasium.de\/index.php?rest_route=%2Fwp%2Fv2%2Fmedia&parent=33193"}],"wp:term":[{"taxonomy":"category","embeddable":true,"href":"https:\/\/www.stromberg-gymnasium.de\/index.php?rest_route=%2Fwp%2Fv2%2Fcategories&post=33193"},{"taxonomy":"post_tag","embeddable":true,"href":"https:\/\/www.stromberg-gymnasium.de\/index.php?rest_route=%2Fwp%2Fv2%2Ftags&post=33193"}],"curies":[{"name":"wp","href":"https:\/\/api.w.org\/{rel}","templated":true}]}}